{"id":23828,"date":"2023-11-01T09:00:00","date_gmt":"2023-11-01T08:00:00","guid":{"rendered":"https:\/\/www.codemotion.com\/magazine\/?p=23828"},"modified":"2023-11-16T12:26:23","modified_gmt":"2023-11-16T11:26:23","slug":"prospettiva-cto-giulio-de-donato-cto-radical","status":"publish","type":"post","link":"https:\/\/www.codemotion.com\/magazine\/it\/dev-life-it\/cto-it\/prospettiva-cto-giulio-de-donato-cto-radical\/","title":{"rendered":"Prospettiva CTO: Giulio de Donato CTO @Radical \u00a9"},"content":{"rendered":"\n<p>Nell\u2019intervista seguente, Giulio De Donato, Chief Technology Officer di Radical, ha trattato temi importanti e ha fornito spunti utili dai quali partire molte riflessioni sul futuro sviluppo del ruolo del CTO, regalandoci anche una metafora senza dubbio unica su cosa voglia dire ricoprire quel ruolo, insieme a preziosi consigli su come valutare e coltivare le competenze di un CTO di successo.<\/p>\n\n\n\n<p><strong>Come evolver\u00e0 la figura del CTO nei prossimi 10 anni? E quale credi sar\u00e0 il futuro della programmazione e della tecnologia nei prossimi 10 anni?<\/strong><\/p>\n\n\n\n<p><em>Mentre prevedere i prossimi 10 anni potrebbe essere una sfida, \u00e8 ragionevole ipotizzare che nei prossimi due anni, l&#8217;adattamento rapido di tutti i dipartimenti all&#8217;Intelligenza Artificiale sar\u00e0 di primaria importanza. Un obiettivo principale per i CTO nelle aziende sar\u00e0 facilitare e sostenere l&#8217;adattamento del personale all&#8217;IA. I colleghi dovranno utilizzare l&#8217;IA per le loro attivit\u00e0 principali.<\/em><\/p>\n\n\n\n<p><em>D&#8217;altra parte, i team di sviluppo saranno profondamente impegnati nella creazione di soluzioni AI personalizzate su misura per le esigenze dell&#8217;azienda.<\/em><\/p>\n\n\n\n<hr class=\"wp-block-separator has-alpha-channel-opacity\"\/>\n\n\n\n<p><strong>Lettura consigliata: <em><a href=\"https:\/\/www.codemotion.com\/magazine\/it\/carriere-tech\/trasparenza-quando-si-cerca-lavoro\/\" class=\"ek-link\">Cos\u2019\u00e8 e perch\u00e9 \u00e8 importante la trasparenza quando si cerca lavoro nel mondo dev<\/a><\/em><\/strong><\/p>\n\n\n\n<hr class=\"wp-block-separator has-alpha-channel-opacity\"\/>\n\n\n\n<p><strong>Puoi suggerire un libro che ti \u00e8 stato utile per diventare un buon CTO?<\/strong><\/p>\n\n\n\n<p><em>Il miglior libro, secondo me, per affrontare il ruolo di CTO \u00e8 essere profondamente connessi con il dominio del prodotto da un punto di vista tecnico e delle esigenze. Il Domain-Driven Design (DDD) di Eric Evans rimane ancora un punto di riferimento fondamentale e significativo in questo contesto.<\/em><\/p>\n\n\n\n<p><strong>Descrivi con una metafora il ruolo del CTO secondo la tua&nbsp; visione?<\/strong><\/p>\n\n\n\n<p><em>Essere un CTO e fondatore \u00e8 come guidare una macchina nelle Wacky Races. In mezzo a una frenesia di concorrenti stravaganti, ognuno con le proprie forze e tattiche uniche, devono mantenere il loro veicolo (la tecnologia) pronto a rispondere alle curve e ai cambi di direzione della strada (le esigenze del prodotto). Guidando a tutta velocit\u00e0 (il ritmo aziendale), si affidano e alimentano la passione del loro equipaggio (il team) come se fosse la benzina che alimenta il loro motore. Mentre i concorrenti a volte possono aggirare le regole, mantenere gli standard etici pi\u00f9 elevati diventa la loro bussola.<\/em><\/p>\n\n\n\n<p><strong>Quali sono le 3 caratteristiche di un buon CTO?<\/strong><\/p>\n\n\n\n<ul class=\"wp-block-list\">\n<li>Adattabilit\u00e0: proprio come il leader nelle Wacky Races deve mantenere il suo veicolo pronto a rispondere alle imprevedibili curve e cambi di direzione, un bravo CTO deve essere adattabile ai paesaggi tecnologici in continua evoluzione e alle esigenze del prodotto.<\/li>\n\n\n\n<li>Leadership basata sulla passione<\/li>\n\n\n\n<li>Etica incrollabile<\/li>\n<\/ul>\n\n\n\n<p><strong>Come si valuta un buon CTO?<\/strong><\/p>\n\n\n\n<p>Dal mio punto di vista, un buon CTO viene valutato dalla velocit\u00e0 con cui introduce l&#8217;innovazione, elevando successivamente gli indicatori chiave di performance aziendali. Questo miglioramento non \u00e8 visibile solo nei prodotti, ma si riflette anche nella promozione della collaborazione e della crescita tra i colleghi.<\/p>\n\n\n\n<hr class=\"wp-block-separator has-alpha-channel-opacity\"\/>\n\n\n\n<p><strong>Leggi anche:<\/strong><\/p>\n\n\n\n<ul class=\"wp-block-list\">\n<li><a href=\"https:\/\/www.codemotion.com\/magazine\/it\/dev-community\/cto-vs-top-management\/\" class=\"ek-link\">CTO VS Top Management: possono sedere allo stesso tavolo?<\/a><\/li>\n\n\n\n<li><a href=\"https:\/\/www.codemotion.com\/magazine\/it\/dev-life-it\/cto-it\/prospettiva-cto-francesca-torlasco-head-of-it-italy-selecta\/\" class=\"ek-link\">Prospettiva CTO: Francesca Torlasco Head of IT Italy @Selecta<\/a><\/li>\n\n\n\n<li><a href=\"https:\/\/www.codemotion.com\/magazine\/it\/dev-life-it\/cto-it\/prospettiva-cto-enrico-maria-cestari-cto-jointly\/\" class=\"ek-link\">Prospettiva CTO: Enrico Maria Cestari CTO @Jointly<\/a><\/li>\n\n\n\n<li><a href=\"https:\/\/www.codemotion.com\/magazine\/it\/dev-life-it\/cto-it\/prospettiva-cto-valerio-paoletti-cto-callmewine-com\/\" class=\"ek-link\">Prospettiva CTO: Valerio Paoletti CTO @Callmewine.com<\/a><\/li>\n\n\n\n<li><a href=\"https:\/\/www.codemotion.com\/magazine\/it\/dev-life-it\/cto-it\/prospettiva-cto-simone-procopio-cto-il-giornale-it\/\" class=\"ek-link\">Prospettiva CTO: Simone Procopio CTO @Il Giornale.it<\/a><\/li>\n\n\n\n<li><a href=\"https:\/\/www.codemotion.com\/magazine\/it\/dev-life-it\/cto-it\/prospettiva-cto-mauro-sanfilippo-cto-smeup-spa\/\" class=\"ek-link\">Prospettiva CTO: Mauro Sanfilippo CTO @Smeup spa<\/a><\/li>\n<\/ul>\n\n\n<p><script src=\"https:\/\/codemotion.activehosted.com\/f\/embed.php?id=42\" type=\"text\/javascript\" charset=\"utf-8\"><\/script><\/p>\n","protected":false},"excerpt":{"rendered":"<p>Nell\u2019intervista seguente, Giulio De Donato, Chief Technology Officer di Radical, ha trattato temi importanti e ha fornito spunti utili dai quali partire molte riflessioni sul futuro sviluppo del ruolo del CTO, regalandoci anche una metafora senza dubbio unica su cosa voglia dire ricoprire quel ruolo, insieme a preziosi consigli su come valutare e coltivare le&#8230; <a class=\"more-link\" href=\"https:\/\/www.codemotion.com\/magazine\/it\/dev-life-it\/cto-it\/prospettiva-cto-giulio-de-donato-cto-radical\/\">Read more<\/a><\/p>\n","protected":false},"author":64,"featured_media":23829,"comment_status":"closed","ping_status":"closed","sticky":false,"template":"","format":"standard","meta":{"_editorskit_title_hidden":false,"_editorskit_reading_time":0,"_editorskit_is_block_options_detached":false,"_editorskit_block_options_position":"{}","_uag_custom_page_level_css":"","_genesis_hide_title":false,"_genesis_hide_breadcrumbs":false,"_genesis_hide_singular_image":false,"_genesis_hide_footer_widgets":false,"_genesis_custom_body_class":"","_genesis_custom_post_class":"","_genesis_layout":"","footnotes":""},"categories":[10285],"tags":[10436,10486],"collections":[],"class_list":{"0":"post-23828","1":"post","2":"type-post","3":"status-publish","4":"format-standard","5":"has-post-thumbnail","7":"category-cto-it","8":"tag-carriere-tech","9":"tag-dev-senior","10":"entry"},"yoast_head":"<!-- This site is optimized with the Yoast SEO Premium plugin v26.9 (Yoast SEO v26.9) - https:\/\/yoast.com\/product\/yoast-seo-premium-wordpress\/ -->\n<title>Giulio de Donato CTO @Radical \u00a9 a Prospettiva CTO<\/title>\n<meta name=\"description\" content=\"Giulio de Donato, CTO di Radical \u00a9, intervistato da Codemotion, ha parlato di come evolver\u00e0 la figura del CTO nel prossimo futuro.\" \/>\n<meta name=\"robots\" content=\"index, follow, max-snippet:-1, max-image-preview:large, max-video-preview:-1\" \/>\n<link rel=\"canonical\" href=\"https:\/\/www.codemotion.com\/magazine\/it\/dev-life-it\/cto-it\/prospettiva-cto-giulio-de-donato-cto-radical\/\" \/>\n<meta property=\"og:locale\" content=\"en_US\" \/>\n<meta property=\"og:type\" content=\"article\" \/>\n<meta property=\"og:title\" content=\"Prospettiva CTO: Giulio de Donato CTO @Radical \u00a9\" \/>\n<meta property=\"og:description\" content=\"Giulio de Donato, CTO di Radical \u00a9, intervistato da Codemotion, ha parlato di come evolver\u00e0 la figura del CTO nel prossimo futuro.\" \/>\n<meta property=\"og:url\" content=\"https:\/\/www.codemotion.com\/magazine\/it\/dev-life-it\/cto-it\/prospettiva-cto-giulio-de-donato-cto-radical\/\" \/>\n<meta property=\"og:site_name\" content=\"Codemotion Magazine\" \/>\n<meta property=\"article:publisher\" content=\"https:\/\/www.facebook.com\/Codemotion.Italy\/\" \/>\n<meta property=\"article:published_time\" content=\"2023-11-01T08:00:00+00:00\" \/>\n<meta property=\"article:modified_time\" content=\"2023-11-16T11:26:23+00:00\" \/>\n<meta property=\"og:image\" content=\"https:\/\/www.codemotion.com\/magazine\/wp-content\/uploads\/2023\/10\/4.-PIATTAFORMA-_1920X1080-10.png\" \/>\n\t<meta property=\"og:image:width\" content=\"1920\" \/>\n\t<meta property=\"og:image:height\" content=\"1080\" \/>\n\t<meta property=\"og:image:type\" content=\"image\/png\" \/>\n<meta name=\"author\" content=\"Codemotion\" \/>\n<meta name=\"twitter:card\" content=\"summary_large_image\" \/>\n<meta name=\"twitter:creator\" content=\"@CodemotionIT\" \/>\n<meta name=\"twitter:site\" content=\"@CodemotionIT\" \/>\n<meta name=\"twitter:label1\" content=\"Written by\" \/>\n\t<meta name=\"twitter:data1\" content=\"Codemotion\" \/>\n\t<meta name=\"twitter:label2\" content=\"Est. reading time\" \/>\n\t<meta name=\"twitter:data2\" content=\"3 minutes\" \/>\n<script type=\"application\/ld+json\" class=\"yoast-schema-graph\">{\"@context\":\"https:\/\/schema.org\",\"@graph\":[{\"@type\":\"Article\",\"@id\":\"https:\/\/www.codemotion.com\/magazine\/it\/dev-life-it\/cto-it\/prospettiva-cto-giulio-de-donato-cto-radical\/#article\",\"isPartOf\":{\"@id\":\"https:\/\/www.codemotion.com\/magazine\/it\/dev-life-it\/cto-it\/prospettiva-cto-giulio-de-donato-cto-radical\/\"},\"author\":{\"name\":\"Codemotion\",\"@id\":\"https:\/\/www.codemotion.com\/magazine\/#\/schema\/person\/201bb98b02412383686cced7521b861c\"},\"headline\":\"Prospettiva CTO: Giulio de Donato CTO @Radical \u00a9\",\"datePublished\":\"2023-11-01T08:00:00+00:00\",\"dateModified\":\"2023-11-16T11:26:23+00:00\",\"mainEntityOfPage\":{\"@id\":\"https:\/\/www.codemotion.com\/magazine\/it\/dev-life-it\/cto-it\/prospettiva-cto-giulio-de-donato-cto-radical\/\"},\"wordCount\":507,\"publisher\":{\"@id\":\"https:\/\/www.codemotion.com\/magazine\/#organization\"},\"image\":{\"@id\":\"https:\/\/www.codemotion.com\/magazine\/it\/dev-life-it\/cto-it\/prospettiva-cto-giulio-de-donato-cto-radical\/#primaryimage\"},\"thumbnailUrl\":\"https:\/\/www.codemotion.com\/magazine\/wp-content\/uploads\/2023\/10\/4.-PIATTAFORMA-_1920X1080-10.png\",\"keywords\":[\"carriere tech\",\"dev senior\"],\"articleSection\":[\"CTO\"],\"inLanguage\":\"en-US\"},{\"@type\":\"WebPage\",\"@id\":\"https:\/\/www.codemotion.com\/magazine\/it\/dev-life-it\/cto-it\/prospettiva-cto-giulio-de-donato-cto-radical\/\",\"url\":\"https:\/\/www.codemotion.com\/magazine\/it\/dev-life-it\/cto-it\/prospettiva-cto-giulio-de-donato-cto-radical\/\",\"name\":\"Giulio de Donato CTO @Radical \u00a9 a Prospettiva CTO\",\"isPartOf\":{\"@id\":\"https:\/\/www.codemotion.com\/magazine\/#website\"},\"primaryImageOfPage\":{\"@id\":\"https:\/\/www.codemotion.com\/magazine\/it\/dev-life-it\/cto-it\/prospettiva-cto-giulio-de-donato-cto-radical\/#primaryimage\"},\"image\":{\"@id\":\"https:\/\/www.codemotion.com\/magazine\/it\/dev-life-it\/cto-it\/prospettiva-cto-giulio-de-donato-cto-radical\/#primaryimage\"},\"thumbnailUrl\":\"https:\/\/www.codemotion.com\/magazine\/wp-content\/uploads\/2023\/10\/4.-PIATTAFORMA-_1920X1080-10.png\",\"datePublished\":\"2023-11-01T08:00:00+00:00\",\"dateModified\":\"2023-11-16T11:26:23+00:00\",\"description\":\"Giulio de Donato, CTO di Radical \u00a9, intervistato da Codemotion, ha parlato di come evolver\u00e0 la figura del CTO nel prossimo futuro.\",\"breadcrumb\":{\"@id\":\"https:\/\/www.codemotion.com\/magazine\/it\/dev-life-it\/cto-it\/prospettiva-cto-giulio-de-donato-cto-radical\/#breadcrumb\"},\"inLanguage\":\"en-US\",\"potentialAction\":[{\"@type\":\"ReadAction\",\"target\":[\"https:\/\/www.codemotion.com\/magazine\/it\/dev-life-it\/cto-it\/prospettiva-cto-giulio-de-donato-cto-radical\/\"]}]},{\"@type\":\"ImageObject\",\"inLanguage\":\"en-US\",\"@id\":\"https:\/\/www.codemotion.com\/magazine\/it\/dev-life-it\/cto-it\/prospettiva-cto-giulio-de-donato-cto-radical\/#primaryimage\",\"url\":\"https:\/\/www.codemotion.com\/magazine\/wp-content\/uploads\/2023\/10\/4.-PIATTAFORMA-_1920X1080-10.png\",\"contentUrl\":\"https:\/\/www.codemotion.com\/magazine\/wp-content\/uploads\/2023\/10\/4.-PIATTAFORMA-_1920X1080-10.png\",\"width\":1920,\"height\":1080,\"caption\":\"giulio de donato\"},{\"@type\":\"BreadcrumbList\",\"@id\":\"https:\/\/www.codemotion.com\/magazine\/it\/dev-life-it\/cto-it\/prospettiva-cto-giulio-de-donato-cto-radical\/#breadcrumb\",\"itemListElement\":[{\"@type\":\"ListItem\",\"position\":1,\"name\":\"Home\",\"item\":\"https:\/\/www.codemotion.com\/magazine\/\"},{\"@type\":\"ListItem\",\"position\":2,\"name\":\"Dev Life\",\"item\":\"https:\/\/www.codemotion.com\/magazine\/it\/dev-life-it\/\"},{\"@type\":\"ListItem\",\"position\":3,\"name\":\"CTO\",\"item\":\"https:\/\/www.codemotion.com\/magazine\/it\/dev-life-it\/cto-it\/\"},{\"@type\":\"ListItem\",\"position\":4,\"name\":\"Prospettiva CTO: Giulio de Donato CTO @Radical \u00a9\"}]},{\"@type\":\"WebSite\",\"@id\":\"https:\/\/www.codemotion.com\/magazine\/#website\",\"url\":\"https:\/\/www.codemotion.com\/magazine\/\",\"name\":\"Codemotion Magazine\",\"description\":\"We code the future. Together\",\"publisher\":{\"@id\":\"https:\/\/www.codemotion.com\/magazine\/#organization\"},\"potentialAction\":[{\"@type\":\"SearchAction\",\"target\":{\"@type\":\"EntryPoint\",\"urlTemplate\":\"https:\/\/www.codemotion.com\/magazine\/?s={search_term_string}\"},\"query-input\":{\"@type\":\"PropertyValueSpecification\",\"valueRequired\":true,\"valueName\":\"search_term_string\"}}],\"inLanguage\":\"en-US\"},{\"@type\":\"Organization\",\"@id\":\"https:\/\/www.codemotion.com\/magazine\/#organization\",\"name\":\"Codemotion\",\"url\":\"https:\/\/www.codemotion.com\/magazine\/\",\"logo\":{\"@type\":\"ImageObject\",\"inLanguage\":\"en-US\",\"@id\":\"https:\/\/www.codemotion.com\/magazine\/#\/schema\/logo\/image\/\",\"url\":\"https:\/\/www.codemotion.com\/magazine\/wp-content\/uploads\/2019\/11\/codemotionlogo.png\",\"contentUrl\":\"https:\/\/www.codemotion.com\/magazine\/wp-content\/uploads\/2019\/11\/codemotionlogo.png\",\"width\":225,\"height\":225,\"caption\":\"Codemotion\"},\"image\":{\"@id\":\"https:\/\/www.codemotion.com\/magazine\/#\/schema\/logo\/image\/\"},\"sameAs\":[\"https:\/\/www.facebook.com\/Codemotion.Italy\/\",\"https:\/\/x.com\/CodemotionIT\"]},{\"@type\":\"Person\",\"@id\":\"https:\/\/www.codemotion.com\/magazine\/#\/schema\/person\/201bb98b02412383686cced7521b861c\",\"name\":\"Codemotion\",\"image\":{\"@type\":\"ImageObject\",\"inLanguage\":\"en-US\",\"@id\":\"https:\/\/www.codemotion.com\/magazine\/#\/schema\/person\/image\/\",\"url\":\"https:\/\/www.codemotion.com\/magazine\/wp-content\/uploads\/2019\/11\/cropped-codemotionlogo-150x150.png\",\"contentUrl\":\"https:\/\/www.codemotion.com\/magazine\/wp-content\/uploads\/2019\/11\/cropped-codemotionlogo-150x150.png\",\"caption\":\"Codemotion\"},\"description\":\"Articles wirtten by the Codemotion staff. Tech news, inspiration, latest treends in software development and more.\",\"sameAs\":[\"https:\/\/x.com\/CodemotionIT\"],\"url\":\"https:\/\/www.codemotion.com\/magazine\/author\/codemotion-2\/\"}]}<\/script>\n<!-- \/ Yoast SEO Premium plugin. -->","yoast_head_json":{"title":"Giulio de Donato CTO @Radical \u00a9 a Prospettiva CTO","description":"Giulio de Donato, CTO di Radical \u00a9, intervistato da Codemotion, ha parlato di come evolver\u00e0 la figura del CTO nel prossimo futuro.","robots":{"index":"index","follow":"follow","max-snippet":"max-snippet:-1","max-image-preview":"max-image-preview:large","max-video-preview":"max-video-preview:-1"},"canonical":"https:\/\/www.codemotion.com\/magazine\/it\/dev-life-it\/cto-it\/prospettiva-cto-giulio-de-donato-cto-radical\/","og_locale":"en_US","og_type":"article","og_title":"Prospettiva CTO: Giulio de Donato CTO @Radical \u00a9","og_description":"Giulio de Donato, CTO di Radical \u00a9, intervistato da Codemotion, ha parlato di come evolver\u00e0 la figura del CTO nel prossimo futuro.","og_url":"https:\/\/www.codemotion.com\/magazine\/it\/dev-life-it\/cto-it\/prospettiva-cto-giulio-de-donato-cto-radical\/","og_site_name":"Codemotion Magazine","article_publisher":"https:\/\/www.facebook.com\/Codemotion.Italy\/","article_published_time":"2023-11-01T08:00:00+00:00","article_modified_time":"2023-11-16T11:26:23+00:00","og_image":[{"width":1920,"height":1080,"url":"https:\/\/www.codemotion.com\/magazine\/wp-content\/uploads\/2023\/10\/4.-PIATTAFORMA-_1920X1080-10.png","type":"image\/png"}],"author":"Codemotion","twitter_card":"summary_large_image","twitter_creator":"@CodemotionIT","twitter_site":"@CodemotionIT","twitter_misc":{"Written by":"Codemotion","Est. reading time":"3 minutes"},"schema":{"@context":"https:\/\/schema.org","@graph":[{"@type":"Article","@id":"https:\/\/www.codemotion.com\/magazine\/it\/dev-life-it\/cto-it\/prospettiva-cto-giulio-de-donato-cto-radical\/#article","isPartOf":{"@id":"https:\/\/www.codemotion.com\/magazine\/it\/dev-life-it\/cto-it\/prospettiva-cto-giulio-de-donato-cto-radical\/"},"author":{"name":"Codemotion","@id":"https:\/\/www.codemotion.com\/magazine\/#\/schema\/person\/201bb98b02412383686cced7521b861c"},"headline":"Prospettiva CTO: Giulio de Donato CTO @Radical \u00a9","datePublished":"2023-11-01T08:00:00+00:00","dateModified":"2023-11-16T11:26:23+00:00","mainEntityOfPage":{"@id":"https:\/\/www.codemotion.com\/magazine\/it\/dev-life-it\/cto-it\/prospettiva-cto-giulio-de-donato-cto-radical\/"},"wordCount":507,"publisher":{"@id":"https:\/\/www.codemotion.com\/magazine\/#organization"},"image":{"@id":"https:\/\/www.codemotion.com\/magazine\/it\/dev-life-it\/cto-it\/prospettiva-cto-giulio-de-donato-cto-radical\/#primaryimage"},"thumbnailUrl":"https:\/\/www.codemotion.com\/magazine\/wp-content\/uploads\/2023\/10\/4.-PIATTAFORMA-_1920X1080-10.png","keywords":["carriere tech","dev senior"],"articleSection":["CTO"],"inLanguage":"en-US"},{"@type":"WebPage","@id":"https:\/\/www.codemotion.com\/magazine\/it\/dev-life-it\/cto-it\/prospettiva-cto-giulio-de-donato-cto-radical\/","url":"https:\/\/www.codemotion.com\/magazine\/it\/dev-life-it\/cto-it\/prospettiva-cto-giulio-de-donato-cto-radical\/","name":"Giulio de Donato CTO @Radical \u00a9 a Prospettiva CTO","isPartOf":{"@id":"https:\/\/www.codemotion.com\/magazine\/#website"},"primaryImageOfPage":{"@id":"https:\/\/www.codemotion.com\/magazine\/it\/dev-life-it\/cto-it\/prospettiva-cto-giulio-de-donato-cto-radical\/#primaryimage"},"image":{"@id":"https:\/\/www.codemotion.com\/magazine\/it\/dev-life-it\/cto-it\/prospettiva-cto-giulio-de-donato-cto-radical\/#primaryimage"},"thumbnailUrl":"https:\/\/www.codemotion.com\/magazine\/wp-content\/uploads\/2023\/10\/4.-PIATTAFORMA-_1920X1080-10.png","datePublished":"2023-11-01T08:00:00+00:00","dateModified":"2023-11-16T11:26:23+00:00","description":"Giulio de Donato, CTO di Radical \u00a9, intervistato da Codemotion, ha parlato di come evolver\u00e0 la figura del CTO nel prossimo futuro.","breadcrumb":{"@id":"https:\/\/www.codemotion.com\/magazine\/it\/dev-life-it\/cto-it\/prospettiva-cto-giulio-de-donato-cto-radical\/#breadcrumb"},"inLanguage":"en-US","potentialAction":[{"@type":"ReadAction","target":["https:\/\/www.codemotion.com\/magazine\/it\/dev-life-it\/cto-it\/prospettiva-cto-giulio-de-donato-cto-radical\/"]}]},{"@type":"ImageObject","inLanguage":"en-US","@id":"https:\/\/www.codemotion.com\/magazine\/it\/dev-life-it\/cto-it\/prospettiva-cto-giulio-de-donato-cto-radical\/#primaryimage","url":"https:\/\/www.codemotion.com\/magazine\/wp-content\/uploads\/2023\/10\/4.-PIATTAFORMA-_1920X1080-10.png","contentUrl":"https:\/\/www.codemotion.com\/magazine\/wp-content\/uploads\/2023\/10\/4.-PIATTAFORMA-_1920X1080-10.png","width":1920,"height":1080,"caption":"giulio de donato"},{"@type":"BreadcrumbList","@id":"https:\/\/www.codemotion.com\/magazine\/it\/dev-life-it\/cto-it\/prospettiva-cto-giulio-de-donato-cto-radical\/#breadcrumb","itemListElement":[{"@type":"ListItem","position":1,"name":"Home","item":"https:\/\/www.codemotion.com\/magazine\/"},{"@type":"ListItem","position":2,"name":"Dev Life","item":"https:\/\/www.codemotion.com\/magazine\/it\/dev-life-it\/"},{"@type":"ListItem","position":3,"name":"CTO","item":"https:\/\/www.codemotion.com\/magazine\/it\/dev-life-it\/cto-it\/"},{"@type":"ListItem","position":4,"name":"Prospettiva CTO: Giulio de Donato CTO @Radical \u00a9"}]},{"@type":"WebSite","@id":"https:\/\/www.codemotion.com\/magazine\/#website","url":"https:\/\/www.codemotion.com\/magazine\/","name":"Codemotion Magazine","description":"We code the future. Together","publisher":{"@id":"https:\/\/www.codemotion.com\/magazine\/#organization"},"potentialAction":[{"@type":"SearchAction","target":{"@type":"EntryPoint","urlTemplate":"https:\/\/www.codemotion.com\/magazine\/?s={search_term_string}"},"query-input":{"@type":"PropertyValueSpecification","valueRequired":true,"valueName":"search_term_string"}}],"inLanguage":"en-US"},{"@type":"Organization","@id":"https:\/\/www.codemotion.com\/magazine\/#organization","name":"Codemotion","url":"https:\/\/www.codemotion.com\/magazine\/","logo":{"@type":"ImageObject","inLanguage":"en-US","@id":"https:\/\/www.codemotion.com\/magazine\/#\/schema\/logo\/image\/","url":"https:\/\/www.codemotion.com\/magazine\/wp-content\/uploads\/2019\/11\/codemotionlogo.png","contentUrl":"https:\/\/www.codemotion.com\/magazine\/wp-content\/uploads\/2019\/11\/codemotionlogo.png","width":225,"height":225,"caption":"Codemotion"},"image":{"@id":"https:\/\/www.codemotion.com\/magazine\/#\/schema\/logo\/image\/"},"sameAs":["https:\/\/www.facebook.com\/Codemotion.Italy\/","https:\/\/x.com\/CodemotionIT"]},{"@type":"Person","@id":"https:\/\/www.codemotion.com\/magazine\/#\/schema\/person\/201bb98b02412383686cced7521b861c","name":"Codemotion","image":{"@type":"ImageObject","inLanguage":"en-US","@id":"https:\/\/www.codemotion.com\/magazine\/#\/schema\/person\/image\/","url":"https:\/\/www.codemotion.com\/magazine\/wp-content\/uploads\/2019\/11\/cropped-codemotionlogo-150x150.png","contentUrl":"https:\/\/www.codemotion.com\/magazine\/wp-content\/uploads\/2019\/11\/cropped-codemotionlogo-150x150.png","caption":"Codemotion"},"description":"Articles wirtten by the Codemotion staff. Tech news, inspiration, latest treends in software development and more.","sameAs":["https:\/\/x.com\/CodemotionIT"],"url":"https:\/\/www.codemotion.com\/magazine\/author\/codemotion-2\/"}]}},"featured_image_src":"https:\/\/www.codemotion.com\/magazine\/wp-content\/uploads\/2023\/10\/4.-PIATTAFORMA-_1920X1080-10-600x400.png","featured_image_src_square":"https:\/\/www.codemotion.com\/magazine\/wp-content\/uploads\/2023\/10\/4.-PIATTAFORMA-_1920X1080-10-600x600.png","author_info":{"display_name":"Codemotion","author_link":"https:\/\/www.codemotion.com\/magazine\/author\/codemotion-2\/"},"uagb_featured_image_src":{"full":["https:\/\/www.codemotion.com\/magazine\/wp-content\/uploads\/2023\/10\/4.-PIATTAFORMA-_1920X1080-10.png",1920,1080,false],"thumbnail":["https:\/\/www.codemotion.com\/magazine\/wp-content\/uploads\/2023\/10\/4.-PIATTAFORMA-_1920X1080-10-150x150.png",150,150,true],"medium":["https:\/\/www.codemotion.com\/magazine\/wp-content\/uploads\/2023\/10\/4.-PIATTAFORMA-_1920X1080-10-300x169.png",300,169,true],"medium_large":["https:\/\/www.codemotion.com\/magazine\/wp-content\/uploads\/2023\/10\/4.-PIATTAFORMA-_1920X1080-10-768x432.png",768,432,true],"large":["https:\/\/www.codemotion.com\/magazine\/wp-content\/uploads\/2023\/10\/4.-PIATTAFORMA-_1920X1080-10-1024x576.png",1024,576,true],"1536x1536":["https:\/\/www.codemotion.com\/magazine\/wp-content\/uploads\/2023\/10\/4.-PIATTAFORMA-_1920X1080-10-1536x864.png",1536,864,true],"2048x2048":["https:\/\/www.codemotion.com\/magazine\/wp-content\/uploads\/2023\/10\/4.-PIATTAFORMA-_1920X1080-10.png",1920,1080,false],"small-home-featured":["https:\/\/www.codemotion.com\/magazine\/wp-content\/uploads\/2023\/10\/4.-PIATTAFORMA-_1920X1080-10.png",100,56,false],"sidebar-featured":["https:\/\/www.codemotion.com\/magazine\/wp-content\/uploads\/2023\/10\/4.-PIATTAFORMA-_1920X1080-10-180x128.png",180,128,true],"genesis-singular-images":["https:\/\/www.codemotion.com\/magazine\/wp-content\/uploads\/2023\/10\/4.-PIATTAFORMA-_1920X1080-10-896x504.png",896,504,true],"archive-featured":["https:\/\/www.codemotion.com\/magazine\/wp-content\/uploads\/2023\/10\/4.-PIATTAFORMA-_1920X1080-10-400x225.png",400,225,true],"gb-block-post-grid-landscape":["https:\/\/www.codemotion.com\/magazine\/wp-content\/uploads\/2023\/10\/4.-PIATTAFORMA-_1920X1080-10-600x400.png",600,400,true],"gb-block-post-grid-square":["https:\/\/www.codemotion.com\/magazine\/wp-content\/uploads\/2023\/10\/4.-PIATTAFORMA-_1920X1080-10-600x600.png",600,600,true]},"uagb_author_info":{"display_name":"Codemotion","author_link":"https:\/\/www.codemotion.com\/magazine\/author\/codemotion-2\/"},"uagb_comment_info":0,"uagb_excerpt":"Nell\u2019intervista seguente, Giulio De Donato, Chief Technology Officer di Radical, ha trattato temi importanti e ha fornito spunti utili dai quali partire molte riflessioni sul futuro sviluppo del ruolo del CTO, regalandoci anche una metafora senza dubbio unica su cosa voglia dire ricoprire quel ruolo, insieme a preziosi consigli su come valutare e coltivare le&#8230;&hellip;","lang":"it","_links":{"self":[{"href":"https:\/\/www.codemotion.com\/magazine\/wp-json\/wp\/v2\/posts\/23828","targetHints":{"allow":["GET"]}}],"collection":[{"href":"https:\/\/www.codemotion.com\/magazine\/wp-json\/wp\/v2\/posts"}],"about":[{"href":"https:\/\/www.codemotion.com\/magazine\/wp-json\/wp\/v2\/types\/post"}],"author":[{"embeddable":true,"href":"https:\/\/www.codemotion.com\/magazine\/wp-json\/wp\/v2\/users\/64"}],"replies":[{"embeddable":true,"href":"https:\/\/www.codemotion.com\/magazine\/wp-json\/wp\/v2\/comments?post=23828"}],"version-history":[{"count":3,"href":"https:\/\/www.codemotion.com\/magazine\/wp-json\/wp\/v2\/posts\/23828\/revisions"}],"predecessor-version":[{"id":24703,"href":"https:\/\/www.codemotion.com\/magazine\/wp-json\/wp\/v2\/posts\/23828\/revisions\/24703"}],"wp:featuredmedia":[{"embeddable":true,"href":"https:\/\/www.codemotion.com\/magazine\/wp-json\/wp\/v2\/media\/23829"}],"wp:attachment":[{"href":"https:\/\/www.codemotion.com\/magazine\/wp-json\/wp\/v2\/media?parent=23828"}],"wp:term":[{"taxonomy":"category","embeddable":true,"href":"https:\/\/www.codemotion.com\/magazine\/wp-json\/wp\/v2\/categories?post=23828"},{"taxonomy":"post_tag","embeddable":true,"href":"https:\/\/www.codemotion.com\/magazine\/wp-json\/wp\/v2\/tags?post=23828"},{"taxonomy":"collections","embeddable":true,"href":"https:\/\/www.codemotion.com\/magazine\/wp-json\/wp\/v2\/collections?post=23828"}],"curies":[{"name":"wp","href":"https:\/\/api.w.org\/{rel}","templated":true}]}}