{"id":31031,"date":"2024-12-09T13:48:52","date_gmt":"2024-12-09T12:48:52","guid":{"rendered":"https:\/\/www.codemotion.com\/magazine\/?p=31031"},"modified":"2025-01-16T08:50:42","modified_gmt":"2025-01-16T07:50:42","slug":"la-ilusion-del-tiempo-perdido","status":"publish","type":"post","link":"https:\/\/www.codemotion.com\/magazine\/es\/soft-skill-es\/la-ilusion-del-tiempo-perdido\/","title":{"rendered":"La ilusi\u00f3n del tiempo perdido"},"content":{"rendered":"\n<p>Gestionar el tiempo es un arte que a menudo se describe como la clave para alcanzar la eficiencia personal y laboral.<\/p>\n\n\n\n<p>Bueno, quiz\u00e1 alguien ya te lo haya dicho: el tiempo no se gestiona.<\/p>\n\n\n\n<figure class=\"wp-block-image size-full\"><img loading=\"lazy\" decoding=\"async\" width=\"1024\" height=\"959\" src=\"https:\/\/www.codemotion.com\/magazine\/wp-content\/uploads\/2024\/12\/image-2.png\" alt=\"\" class=\"wp-image-31032\" srcset=\"https:\/\/www.codemotion.com\/magazine\/wp-content\/uploads\/2024\/12\/image-2.png 1024w, https:\/\/www.codemotion.com\/magazine\/wp-content\/uploads\/2024\/12\/image-2-300x281.png 300w, https:\/\/www.codemotion.com\/magazine\/wp-content\/uploads\/2024\/12\/image-2-768x719.png 768w\" sizes=\"auto, (max-width: 1024px) 100vw, 1024px\" \/><\/figure>\n\n\n\n<p>Este verano estaba en la playa cuando tom\u00e9 esta foto: &#8220;Rel\u00e1jate, amigo, el tiempo no existe&#8221;. Y, dejando a un lado el tono un poco New Age o hippie (que, de todas formas, me parece divertido), la verdad es que me identifico con la frase: el tiempo lo hemos inventado nosotros y ahora intentamos encontrar la manera de gestionarlo.<\/p>\n\n\n\n<p>\u00bfY si aprendi\u00e9ramos a gestionar la energ\u00eda, las prioridades y la motivaci\u00f3n?<\/p>\n\n\n\n<blockquote class=\"wp-block-quote is-layout-flow wp-block-quote-is-layout-flow\">\n<p>El enfoque deber\u00eda estar en lo que realmente podemos controlar: las prioridades, la energ\u00eda y la motivaci\u00f3n.<\/p>\n<\/blockquote>\n\n\n\n<p>Este art\u00edculo explora por qu\u00e9 el concepto tradicional de gesti\u00f3n del tiempo es una ilusi\u00f3n y c\u00f3mo avanzar hacia un modelo m\u00e1s realista y eficaz de gesti\u00f3n de tareas.<\/p>\n\n\n\n<h2 class=\"wp-block-heading\" id=\"h-cuando-decimos-no-tengo-tiempo-a-menudo-queremos-decir-no-es-una-prioridad-para-mi\">Cuando decimos &#8220;no tengo tiempo&#8221;, a menudo queremos decir &#8220;no es una prioridad para m\u00ed&#8221;. <\/h2>\n\n\n\n<p>Laura Vanderkam, en una conocida charla <a href=\"https:\/\/www.ted.com\/talks\/laura_vanderkam_how_to_gain_control_of_your_free_time?utm_source=chatgpt.com\" target=\"_blank\" rel=\"noreferrer noopener\">TED<\/a>, explica que el tiempo es el\u00e1stico: se expande o se contrae seg\u00fan nuestras necesidades.<\/p>\n\n\n\n<p>Imagina que llegas a casa y descubres que el calentador de agua se ha roto y ha inundado la casa; encontrar\u00e1s tiempo para llamar al fontanero, secar, limpiar o buscar a alguien que te ayude a hacerlo.<\/p>\n\n\n\n<blockquote class=\"wp-block-quote is-layout-flow wp-block-quote-is-layout-flow\">\n<p>A menudo, decir &#8220;no tengo tiempo&#8221; equivale a &#8220;no es una prioridad para m\u00ed; elijo no hacerlo&#8221;.<\/p>\n<\/blockquote>\n\n\n\n<p>Cuando piensas: &#8220;Me gustar\u00eda aprender esa nueva tecnolog\u00eda, pero no tengo tiempo&#8221;, tal vez ese &#8220;no tengo tiempo&#8221; podr\u00eda traducirse en: &#8220;No tengo la energ\u00eda al final del d\u00eda; prefiero relajarme jugando a un videojuego, leyendo un libro, dando un paseo o simplemente mirando al techo&#8221;.<\/p>\n\n\n\n<p>Ser conscientes de esta din\u00e1mica, de esta elecci\u00f3n, podr\u00eda hacernos reflexionar sobre c\u00f3mo queremos emplear nuestros recursos mentales y f\u00edsicos.<\/p>\n\n\n\n<h2 class=\"wp-block-heading\" id=\"h-gestionar-energia-y-prioridades\"><strong>Gestionar energ\u00eda y prioridades<\/strong><\/h2>\n\n\n\n<p><strong>Ser consciente de las (propias) prioridades<\/strong><\/p>\n\n\n\n<p>Ser consciente de que hemos elegido poner toda nuestra energ\u00eda en el trabajo puede ayudarnos a entender si es algo que queremos cambiar o si estamos bien con ello.<\/p>\n\n\n\n<p>Decir &#8220;no tengo tiempo&#8221; traslada la atenci\u00f3n de nuestra propia responsabilidad \u2014es decir, c\u00f3mo utilizamos nuestras energ\u00edas f\u00edsicas y mentales a lo largo del d\u00eda\u2014 a una entidad externa e imprecisa llamada &#8220;tiempo&#8221;, que parece ir m\u00e1s r\u00e1pido de lo que quisi\u00e9ramos.<\/p>\n\n\n\n<p><strong>Un ejercicio de Laura Vanderkam<\/strong><\/p>\n\n\n\n<p>Laura Vanderkam propone un ejercicio interesante que les voy a proponer como primer recurso: un salto hacia un futuro posible y deseado.<\/p>\n\n\n\n<h2 class=\"wp-block-heading\" id=\"h-imagina-tu-proxima-revision-de-desempeno\"><strong>Imagina tu pr\u00f3xima &#8220;Revisi\u00f3n de Desempe\u00f1o&#8221;<\/strong><\/h2>\n\n\n\n<p>Ya estamos en diciembre, as\u00ed que imagino que tendr\u00e1n una conversaci\u00f3n de fin de a\u00f1o con su jefa o jefe, donde hablar\u00e1n sobre los resultados y las \u00e1reas de desarrollo a corto plazo.<\/p>\n\n\n\n<p>Demasiado corto plazo.<\/p>\n\n\n\n<p>El ejercicio que les propongo requiere un salto de imaginaci\u00f3n: de aqu\u00ed a un a\u00f1o.<\/p>\n\n\n\n<p>A finales de 2025, imagina que tienes una conversaci\u00f3n con tu jefe o jefa para discutir c\u00f3mo ha ido el a\u00f1o para ti. \u00a1Est\u00e1s muy satisfecho\/a! \u00a1El 2025 no podr\u00eda haber salido mejor para ti! Has aprendido mucho y te sientes orgulloso\/a de ti mismo\/a.<\/p>\n\n\n\n<p><strong>Preg\u00fantate:<\/strong><\/p>\n\n\n\n<ul class=\"wp-block-list\">\n<li>\u00bfQu\u00e9 has logrado?<\/li>\n\n\n\n<li>\u00bfQu\u00e9 habilidades has desarrollado?<\/li>\n\n\n\n<li>\u00bfC\u00f3mo te sientes con respecto a tus resultados?<\/li>\n<\/ul>\n\n\n\n<p>Las respuestas a estas preguntas pueden ser una motivaci\u00f3n inicial.<\/p>\n\n\n\n<p>Este &#8220;salto al futuro&#8221; ayuda a visualizar los objetivos prioritarios y a comprender qu\u00e9 actividades tienen un valor significativo para tu desarrollo personal y profesional.<\/p>\n\n\n\n<p>Ahora que sabes lo que te har\u00e1 sentir satisfecho\/a, tambi\u00e9n sabes lo que te motiva.<\/p>\n\n\n\n<p>Pero tener clara la motivaci\u00f3n no siempre es suficiente. A veces sabemos lo que queremos hacer (aunque solo sea a veces), pero a\u00fan as\u00ed no logramos organizar las prioridades de forma coherente.<\/p>\n\n\n\n<p>Haciendo el ejercicio de imaginarse dentro de un a\u00f1o, puede suceder que las prioridades laborales no est\u00e9n en el podio. En ese caso, tu estrategia ser\u00e1 diferente y se centrar\u00e1 m\u00e1s en aspectos personales.<\/p>\n\n\n\n<p>Ser consciente de que, para 2025, tus prioridades pueden estar fuera del \u00e1mbito laboral puede ayudarte a reconciliarte con la ausencia de una promoci\u00f3n o con la participaci\u00f3n en un proyecto que no es particularmente desafiante.<\/p>\n\n\n\n<h2 class=\"wp-block-heading\" id=\"h-datos-datos-datos\"><strong>Datos, datos, datos<\/strong><\/h2>\n\n\n\n<p>Decir &#8220;no tengo tiempo&#8221; sin datos concretos puede llevarnos por un camino que no nos beneficia.<\/p>\n\n\n\n<blockquote class=\"wp-block-quote is-layout-flow wp-block-quote-is-layout-flow\">\n<p>\u00bfC\u00f3mo empleas tu tiempo?<\/p>\n<\/blockquote>\n\n\n\n<p>Me refiero a un registro detallado, hora por hora, e incluso minuto a minuto en ocasiones.<\/p>\n\n\n\n<h2 class=\"wp-block-heading\" id=\"h-registro-de-mi-dia\"><strong>Registro de mi d\u00eda<\/strong><\/h2>\n\n\n\n<p>Hace algunos a\u00f1os realic\u00e9 este experimento: cre\u00e9 un archivo de Excel, cuyo formato se muestra en la imagen, en el que durante semanas anot\u00e9 todas mis actividades diarias, \u00a1todas!<\/p>\n\n\n\n<figure class=\"wp-block-image size-full\"><img loading=\"lazy\" decoding=\"async\" width=\"1020\" height=\"305\" src=\"https:\/\/www.codemotion.com\/magazine\/wp-content\/uploads\/2024\/12\/image-3.png\" alt=\"\" class=\"wp-image-31033\" srcset=\"https:\/\/www.codemotion.com\/magazine\/wp-content\/uploads\/2024\/12\/image-3.png 1020w, https:\/\/www.codemotion.com\/magazine\/wp-content\/uploads\/2024\/12\/image-3-300x90.png 300w, https:\/\/www.codemotion.com\/magazine\/wp-content\/uploads\/2024\/12\/image-3-768x230.png 768w\" sizes=\"auto, (max-width: 1020px) 100vw, 1020px\" \/><\/figure>\n\n\n\n<p>Nunca compart\u00ed el archivo con nadie; lo mantuve para m\u00ed. Sin embargo, fue muy \u00fatil para visualizar en qu\u00e9 empleaba mi tiempo, c\u00f3mo me sent\u00eda (bastaba con una breve nota o una palabra) y el impacto que esa actividad ten\u00eda en el trabajo del equipo o en el objetivo del proyecto.<\/p>\n\n\n\n<h2 class=\"wp-block-heading\" id=\"h-como-estaba-estructurado-el-archivo-log-my-day\"><strong>C\u00f3mo estaba estructurado el archivo &#8220;Log My Day&#8221;<\/strong><\/h2>\n\n\n\n<p>En la imagen se muestra la estructura del archivo, y a continuaci\u00f3n se ofrece una idea de c\u00f3mo, si lo desean, pueden realizar un experimento similar:<\/p>\n\n\n\n<ul class=\"wp-block-list\">\n<li>Cree un archivo de Excel o utilice una aplicaci\u00f3n dedicada.<\/li>\n\n\n\n<li>Divida el d\u00eda en bloques de 15 a 30 minutos.<\/li>\n\n\n\n<li>Anote cada actividad realizada, acompa\u00f1\u00e1ndola con:\n<ul class=\"wp-block-list\">\n<li>Su estado emocional: por ejemplo, &#8220;estresado&#8221;, &#8220;concentrado&#8221;, &#8220;feliz&#8221;.<\/li>\n\n\n\n<li>El impacto percibido: cu\u00e1nto ha contribuido la actividad a los objetivos del equipo o personales.<\/li>\n<\/ul>\n<\/li>\n<\/ul>\n\n\n\n<p>He aqu\u00ed un ejemplo de formato \u00fatil:<\/p>\n\n\n\n<figure class=\"wp-block-table\"><table class=\"has-fixed-layout\"><thead><tr><td><strong>Hora<\/strong><\/td><td><strong>Actividad<\/strong><\/td><td><strong>Como me siento<\/strong><\/td><td><strong>Impacto (1-5)<\/strong><\/td><\/tr><\/thead><tbody><tr><td>9:00-9:30<\/td><td>Responder email<\/td><td>Distraido<\/td><td>2<\/td><\/tr><tr><td>9:30-10:30<\/td><td>Brainstorming team<\/td><td>Motivado<\/td><td>4<\/td><\/tr><\/tbody><\/table><\/figure>\n\n\n\n<p>En la columna &#8220;C\u00f3mo me siento&#8221;, en lugar de emociones, encontr\u00e9 \u00fatil incluir reflexiones sobre cu\u00e1nto cre\u00eda que estaba contribuyendo al equipo, al objetivo o a la empresa.<\/p>\n\n\n\n<p>En la columna &#8220;Impacto&#8221;, adem\u00e1s de asignar un n\u00famero, a\u00f1ad\u00ed un color, lo que me ayud\u00f3 a obtener una idea r\u00e1pida del impacto que consideraba que esa actividad ten\u00eda.<\/p>\n\n\n\n<p>Cuanto m\u00e1s utilizaba esta herramienta, m\u00e1s la personalizaba, a\u00f1adiendo notas, colores y anotaciones que me ayudaron a comprender mejor c\u00f3mo empleaba mi tiempo.<\/p>\n\n\n\n<p>Al final, el archivo se ve\u00eda m\u00e1s o menos as\u00ed:<\/p>\n\n\n\n<figure class=\"wp-block-image size-full\"><img loading=\"lazy\" decoding=\"async\" width=\"854\" height=\"329\" src=\"https:\/\/www.codemotion.com\/magazine\/wp-content\/uploads\/2024\/12\/image-4.png\" alt=\"\" class=\"wp-image-31034\" srcset=\"https:\/\/www.codemotion.com\/magazine\/wp-content\/uploads\/2024\/12\/image-4.png 854w, https:\/\/www.codemotion.com\/magazine\/wp-content\/uploads\/2024\/12\/image-4-300x116.png 300w, https:\/\/www.codemotion.com\/magazine\/wp-content\/uploads\/2024\/12\/image-4-768x296.png 768w\" sizes=\"auto, (max-width: 854px) 100vw, 854px\" \/><\/figure>\n\n\n\n<h2 class=\"wp-block-heading\" id=\"h-analizar-los-datos-para-optimizar-las-actividades\"><strong>Analizar los datos para optimizar las actividades<\/strong><\/h2>\n\n\n\n<p>Despu\u00e9s de recopilar datos durante una o dos semanas, anal\u00edzalos. Hazte estas preguntas:<\/p>\n\n\n\n<ul class=\"wp-block-list\">\n<li>\u00bfEn qu\u00e9 gasto la mayor parte de mi tiempo?<\/li>\n\n\n\n<li>\u00bfQu\u00e9 actividades tienen un bajo impacto y se pueden eliminar o delegar?<\/li>\n\n\n\n<li>\u00bfD\u00f3nde puedo concentrar m\u00e1s energ\u00eda para obtener mejores resultados?<\/li>\n<\/ul>\n\n\n\n<p>Por ejemplo, podr\u00edas descubrir que el tiempo dedicado a responder correos electr\u00f3nicos de rutina podr\u00eda reducirse limitando la revisi\u00f3n a momentos espec\u00edficos del d\u00eda.<\/p>\n\n\n\n<p>O podr\u00edas darte cuenta de que no dedicas tan poco tiempo a estudiar nuevas tecnolog\u00edas como pensabas antes de hacer el ejercicio.<\/p>\n\n\n\n<p>Sea cual sea tu descubrimiento, podr\u00eda ser \u00fatil para iniciar una conversaci\u00f3n con tu jefe o jefa. Ahora tienes claros tus objetivos, sabes lo que te motiva y tienes una visi\u00f3n m\u00e1s precisa de tu situaci\u00f3n actual.<\/p>\n\n\n\n<h2 class=\"wp-block-heading\" id=\"h-motivacion-datos-y-algunos-trucos\"><strong>Motivaci\u00f3n, datos y algunos trucos<\/strong><\/h2>\n\n\n\n<p>No basta con establecer prioridades: es esencial considerar cu\u00e1nta energ\u00eda podemos dedicar a una actividad y qu\u00e9 nos motiva a completarla.<\/p>\n\n\n\n<p>Todos tenemos momentos del d\u00eda en los que somos m\u00e1s productivos. Identifica tus picos de energ\u00eda para reservarlos a las tareas m\u00e1s exigentes y creativas.<\/p>\n\n\n\n<p>A menudo, la falta de motivaci\u00f3n proviene de objetivos poco claros o no alineados con nuestros valores. Preg\u00fantate:<\/p>\n\n\n\n<ul class=\"wp-block-list\">\n<li>\u00bfPor qu\u00e9 estoy haciendo esta actividad?<\/li>\n\n\n\n<li>\u00bfC\u00f3mo se conecta con mis objetivos a largo plazo?<\/li>\n<\/ul>\n\n\n\n<p>Cuando el &#8220;por qu\u00e9&#8221; est\u00e1 claro, la motivaci\u00f3n se convierte en un recurso m\u00e1s accesible.<\/p>\n\n\n\n<p>Si te interesa conocer algunas t\u00e9cnicas adicionales, te recomiendo el art\u00edculo del excelente Arnaldo Morena: <a href=\"https:\/\/www.codemotion.com\/magazine\/it\/dev-life-it\/organizzare-la-propria-giornata\/\" target=\"_blank\" rel=\"noreferrer noopener\"><strong>&#8220;Got the Time&#8221;<\/strong>.<\/a><\/p>\n\n\n\n<hr class=\"wp-block-separator has-alpha-channel-opacity\"\/>\n\n\n\n<p><strong>Conclusiones<\/strong><\/p>\n\n\n\n<p>El tiempo, como concepto, es una construcci\u00f3n: no podemos gestionarlo, pero s\u00ed podemos gestionar nuestras prioridades, energ\u00edas y motivaciones. Adoptar un enfoque m\u00e1s consciente requiere un esfuerzo inicial, pero los beneficios son tangibles: mayor productividad, menos estr\u00e9s y una visi\u00f3n m\u00e1s clara de lo que realmente importa.<\/p>\n\n\n\n<p><strong>En resumen:<\/strong><\/p>\n\n\n\n<ol class=\"wp-block-list\">\n<li>Deja de intentar &#8220;gestionar el tiempo&#8221; y conc\u00e9ntrate en las prioridades y la energ\u00eda.<\/li>\n\n\n\n<li>Usa el seguimiento del tiempo para comprender d\u00f3nde inviertes tus recursos.<\/li>\n\n\n\n<li>Cultiva la motivaci\u00f3n aline\u00e1ndola con objetivos significativos.<\/li>\n<\/ol>\n\n\n\n<p>La pr\u00f3xima vez que te sorprendas diciendo &#8220;no tengo tiempo&#8221;, detente un momento y preg\u00fantate:<\/p>\n\n\n\n<ul class=\"wp-block-list\">\n<li><strong>\u00bfEstoy realmente priorizando lo que importa?<\/strong><\/li>\n\n\n\n<li><strong>\u00bfC\u00f3mo puedo redistribuir mis energ\u00edas para hacer lo que es importante para m\u00ed?<\/strong><\/li>\n<\/ul>\n\n\n\n<p>Cambiar de perspectiva es el primer paso hacia una gesti\u00f3n m\u00e1s efectiva de tu vida personal y profesional.<\/p>\n","protected":false},"excerpt":{"rendered":"<p>Gestionar el tiempo es un arte que a menudo se describe como la clave para alcanzar la eficiencia personal y laboral. Bueno, quiz\u00e1 alguien ya te lo haya dicho: el tiempo no se gestiona. Este verano estaba en la playa cuando tom\u00e9 esta foto: &#8220;Rel\u00e1jate, amigo, el tiempo no existe&#8221;. Y, dejando a un lado&#8230; <a class=\"more-link\" href=\"https:\/\/www.codemotion.com\/magazine\/es\/soft-skill-es\/la-ilusion-del-tiempo-perdido\/\">Read more<\/a><\/p>\n","protected":false},"author":294,"featured_media":30876,"comment_status":"closed","ping_status":"closed","sticky":false,"template":"","format":"standard","meta":{"_editorskit_title_hidden":false,"_editorskit_reading_time":0,"_editorskit_is_block_options_detached":false,"_editorskit_block_options_position":"{}","_uag_custom_page_level_css":"","_genesis_hide_title":false,"_genesis_hide_breadcrumbs":false,"_genesis_hide_singular_image":false,"_genesis_hide_footer_widgets":false,"_genesis_custom_body_class":"","_genesis_custom_post_class":"","_genesis_layout":"","footnotes":""},"categories":[10656],"tags":[10682],"collections":[],"class_list":{"0":"post-31031","1":"post","2":"type-post","3":"status-publish","4":"format-standard","5":"has-post-thumbnail","7":"category-soft-skill-es","8":"tag-consejos-de-carrera","9":"entry"},"yoast_head":"<!-- This site is optimized with the Yoast SEO Premium plugin v26.9 (Yoast SEO v26.9) - https:\/\/yoast.com\/product\/yoast-seo-premium-wordpress\/ -->\n<title>La ilusi\u00f3n del tiempo perdido<\/title>\n<meta name=\"description\" content=\"Descubre por qu\u00e9 la gesti\u00f3n del tiempo es una ilusi\u00f3n y c\u00f3mo manejar de manera m\u00e1s efectiva las prioridades, la energ\u00eda y la motivaci\u00f3n.\" \/>\n<meta name=\"robots\" content=\"index, follow, max-snippet:-1, max-image-preview:large, max-video-preview:-1\" \/>\n<link rel=\"canonical\" href=\"https:\/\/www.codemotion.com\/magazine\/es\/soft-skill-es\/la-ilusion-del-tiempo-perdido\/\" \/>\n<meta property=\"og:locale\" content=\"en_US\" \/>\n<meta property=\"og:type\" content=\"article\" \/>\n<meta property=\"og:title\" content=\"La ilusi\u00f3n del tiempo perdido\" \/>\n<meta property=\"og:description\" content=\"Descubre por qu\u00e9 la gesti\u00f3n del tiempo es una ilusi\u00f3n y c\u00f3mo manejar de manera m\u00e1s efectiva las prioridades, la energ\u00eda y la motivaci\u00f3n.\" \/>\n<meta property=\"og:url\" content=\"https:\/\/www.codemotion.com\/magazine\/es\/soft-skill-es\/la-ilusion-del-tiempo-perdido\/\" \/>\n<meta property=\"og:site_name\" content=\"Codemotion Magazine\" \/>\n<meta property=\"article:publisher\" content=\"https:\/\/www.facebook.com\/Codemotion.Italy\/\" \/>\n<meta property=\"article:published_time\" content=\"2024-12-09T12:48:52+00:00\" \/>\n<meta property=\"article:modified_time\" content=\"2025-01-16T07:50:42+00:00\" \/>\n<meta property=\"og:image\" content=\"https:\/\/www.codemotion.com\/magazine\/wp-content\/uploads\/2024\/12\/DALL\u00b7E-2024-12-03-10.42.27-A-horizontal-cinematic-illustration-titled-LIllusione-del-tempo-mancante-depicting-a-surreal-landscape-where-time-feels-fragmented-and-elusive.-Th.webp\" \/>\n\t<meta property=\"og:image:width\" content=\"1792\" \/>\n\t<meta property=\"og:image:height\" content=\"1024\" \/>\n\t<meta property=\"og:image:type\" content=\"image\/webp\" \/>\n<meta name=\"author\" content=\"Stefania Marinelli\" \/>\n<meta name=\"twitter:card\" content=\"summary_large_image\" \/>\n<meta name=\"twitter:creator\" content=\"@CodemotionIT\" \/>\n<meta name=\"twitter:site\" content=\"@CodemotionIT\" \/>\n<meta name=\"twitter:label1\" content=\"Written by\" \/>\n\t<meta name=\"twitter:data1\" content=\"Stefania Marinelli\" \/>\n\t<meta name=\"twitter:label2\" content=\"Est. reading time\" \/>\n\t<meta name=\"twitter:data2\" content=\"7 minutes\" \/>\n<script type=\"application\/ld+json\" class=\"yoast-schema-graph\">{\"@context\":\"https:\/\/schema.org\",\"@graph\":[{\"@type\":\"Article\",\"@id\":\"https:\/\/www.codemotion.com\/magazine\/es\/soft-skill-es\/la-ilusion-del-tiempo-perdido\/#article\",\"isPartOf\":{\"@id\":\"https:\/\/www.codemotion.com\/magazine\/es\/soft-skill-es\/la-ilusion-del-tiempo-perdido\/\"},\"author\":{\"name\":\"Stefania Marinelli\",\"@id\":\"https:\/\/www.codemotion.com\/magazine\/#\/schema\/person\/541e8d7395ebfdeb16cc105b2c34ee54\"},\"headline\":\"La ilusi\u00f3n del tiempo perdido\",\"datePublished\":\"2024-12-09T12:48:52+00:00\",\"dateModified\":\"2025-01-16T07:50:42+00:00\",\"mainEntityOfPage\":{\"@id\":\"https:\/\/www.codemotion.com\/magazine\/es\/soft-skill-es\/la-ilusion-del-tiempo-perdido\/\"},\"wordCount\":1529,\"publisher\":{\"@id\":\"https:\/\/www.codemotion.com\/magazine\/#organization\"},\"image\":{\"@id\":\"https:\/\/www.codemotion.com\/magazine\/es\/soft-skill-es\/la-ilusion-del-tiempo-perdido\/#primaryimage\"},\"thumbnailUrl\":\"https:\/\/www.codemotion.com\/magazine\/wp-content\/uploads\/2024\/12\/DALL\u00b7E-2024-12-03-10.42.27-A-horizontal-cinematic-illustration-titled-LIllusione-del-tempo-mancante-depicting-a-surreal-landscape-where-time-feels-fragmented-and-elusive.-Th.webp\",\"keywords\":[\"Consejos de carrera\"],\"articleSection\":[\"Soft skills\"],\"inLanguage\":\"en-US\"},{\"@type\":\"WebPage\",\"@id\":\"https:\/\/www.codemotion.com\/magazine\/es\/soft-skill-es\/la-ilusion-del-tiempo-perdido\/\",\"url\":\"https:\/\/www.codemotion.com\/magazine\/es\/soft-skill-es\/la-ilusion-del-tiempo-perdido\/\",\"name\":\"La ilusi\u00f3n del tiempo perdido\",\"isPartOf\":{\"@id\":\"https:\/\/www.codemotion.com\/magazine\/#website\"},\"primaryImageOfPage\":{\"@id\":\"https:\/\/www.codemotion.com\/magazine\/es\/soft-skill-es\/la-ilusion-del-tiempo-perdido\/#primaryimage\"},\"image\":{\"@id\":\"https:\/\/www.codemotion.com\/magazine\/es\/soft-skill-es\/la-ilusion-del-tiempo-perdido\/#primaryimage\"},\"thumbnailUrl\":\"https:\/\/www.codemotion.com\/magazine\/wp-content\/uploads\/2024\/12\/DALL\u00b7E-2024-12-03-10.42.27-A-horizontal-cinematic-illustration-titled-LIllusione-del-tempo-mancante-depicting-a-surreal-landscape-where-time-feels-fragmented-and-elusive.-Th.webp\",\"datePublished\":\"2024-12-09T12:48:52+00:00\",\"dateModified\":\"2025-01-16T07:50:42+00:00\",\"description\":\"Descubre por qu\u00e9 la gesti\u00f3n del tiempo es una ilusi\u00f3n y c\u00f3mo manejar de manera m\u00e1s efectiva las prioridades, la energ\u00eda y la motivaci\u00f3n.\",\"breadcrumb\":{\"@id\":\"https:\/\/www.codemotion.com\/magazine\/es\/soft-skill-es\/la-ilusion-del-tiempo-perdido\/#breadcrumb\"},\"inLanguage\":\"en-US\",\"potentialAction\":[{\"@type\":\"ReadAction\",\"target\":[\"https:\/\/www.codemotion.com\/magazine\/es\/soft-skill-es\/la-ilusion-del-tiempo-perdido\/\"]}]},{\"@type\":\"ImageObject\",\"inLanguage\":\"en-US\",\"@id\":\"https:\/\/www.codemotion.com\/magazine\/es\/soft-skill-es\/la-ilusion-del-tiempo-perdido\/#primaryimage\",\"url\":\"https:\/\/www.codemotion.com\/magazine\/wp-content\/uploads\/2024\/12\/DALL\u00b7E-2024-12-03-10.42.27-A-horizontal-cinematic-illustration-titled-LIllusione-del-tempo-mancante-depicting-a-surreal-landscape-where-time-feels-fragmented-and-elusive.-Th.webp\",\"contentUrl\":\"https:\/\/www.codemotion.com\/magazine\/wp-content\/uploads\/2024\/12\/DALL\u00b7E-2024-12-03-10.42.27-A-horizontal-cinematic-illustration-titled-LIllusione-del-tempo-mancante-depicting-a-surreal-landscape-where-time-feels-fragmented-and-elusive.-Th.webp\",\"width\":1792,\"height\":1024},{\"@type\":\"BreadcrumbList\",\"@id\":\"https:\/\/www.codemotion.com\/magazine\/es\/soft-skill-es\/la-ilusion-del-tiempo-perdido\/#breadcrumb\",\"itemListElement\":[{\"@type\":\"ListItem\",\"position\":1,\"name\":\"Home\",\"item\":\"https:\/\/www.codemotion.com\/magazine\/\"},{\"@type\":\"ListItem\",\"position\":2,\"name\":\"Soft skills\",\"item\":\"https:\/\/www.codemotion.com\/magazine\/es\/soft-skill-es\/\"},{\"@type\":\"ListItem\",\"position\":3,\"name\":\"La ilusi\u00f3n del tiempo perdido\"}]},{\"@type\":\"WebSite\",\"@id\":\"https:\/\/www.codemotion.com\/magazine\/#website\",\"url\":\"https:\/\/www.codemotion.com\/magazine\/\",\"name\":\"Codemotion Magazine\",\"description\":\"We code the future. Together\",\"publisher\":{\"@id\":\"https:\/\/www.codemotion.com\/magazine\/#organization\"},\"potentialAction\":[{\"@type\":\"SearchAction\",\"target\":{\"@type\":\"EntryPoint\",\"urlTemplate\":\"https:\/\/www.codemotion.com\/magazine\/?s={search_term_string}\"},\"query-input\":{\"@type\":\"PropertyValueSpecification\",\"valueRequired\":true,\"valueName\":\"search_term_string\"}}],\"inLanguage\":\"en-US\"},{\"@type\":\"Organization\",\"@id\":\"https:\/\/www.codemotion.com\/magazine\/#organization\",\"name\":\"Codemotion\",\"url\":\"https:\/\/www.codemotion.com\/magazine\/\",\"logo\":{\"@type\":\"ImageObject\",\"inLanguage\":\"en-US\",\"@id\":\"https:\/\/www.codemotion.com\/magazine\/#\/schema\/logo\/image\/\",\"url\":\"https:\/\/www.codemotion.com\/magazine\/wp-content\/uploads\/2019\/11\/codemotionlogo.png\",\"contentUrl\":\"https:\/\/www.codemotion.com\/magazine\/wp-content\/uploads\/2019\/11\/codemotionlogo.png\",\"width\":225,\"height\":225,\"caption\":\"Codemotion\"},\"image\":{\"@id\":\"https:\/\/www.codemotion.com\/magazine\/#\/schema\/logo\/image\/\"},\"sameAs\":[\"https:\/\/www.facebook.com\/Codemotion.Italy\/\",\"https:\/\/x.com\/CodemotionIT\"]},{\"@type\":\"Person\",\"@id\":\"https:\/\/www.codemotion.com\/magazine\/#\/schema\/person\/541e8d7395ebfdeb16cc105b2c34ee54\",\"name\":\"Stefania Marinelli\",\"image\":{\"@type\":\"ImageObject\",\"inLanguage\":\"en-US\",\"@id\":\"https:\/\/www.codemotion.com\/magazine\/#\/schema\/person\/image\/\",\"url\":\"https:\/\/www.codemotion.com\/magazine\/wp-content\/uploads\/2024\/09\/Foto-Stefania-Marinelli-100x100.png\",\"contentUrl\":\"https:\/\/www.codemotion.com\/magazine\/wp-content\/uploads\/2024\/09\/Foto-Stefania-Marinelli-100x100.png\",\"caption\":\"Stefania Marinelli\"},\"sameAs\":[\"https:\/\/stefaniamarinelli.com\",\"https:\/\/www.linkedin.com\/in\/stefaniamarinelli\/\"],\"url\":\"https:\/\/www.codemotion.com\/magazine\/author\/stefaniamarinelligmail-com\/\"}]}<\/script>\n<!-- \/ Yoast SEO Premium plugin. -->","yoast_head_json":{"title":"La ilusi\u00f3n del tiempo perdido","description":"Descubre por qu\u00e9 la gesti\u00f3n del tiempo es una ilusi\u00f3n y c\u00f3mo manejar de manera m\u00e1s efectiva las prioridades, la energ\u00eda y la motivaci\u00f3n.","robots":{"index":"index","follow":"follow","max-snippet":"max-snippet:-1","max-image-preview":"max-image-preview:large","max-video-preview":"max-video-preview:-1"},"canonical":"https:\/\/www.codemotion.com\/magazine\/es\/soft-skill-es\/la-ilusion-del-tiempo-perdido\/","og_locale":"en_US","og_type":"article","og_title":"La ilusi\u00f3n del tiempo perdido","og_description":"Descubre por qu\u00e9 la gesti\u00f3n del tiempo es una ilusi\u00f3n y c\u00f3mo manejar de manera m\u00e1s efectiva las prioridades, la energ\u00eda y la motivaci\u00f3n.","og_url":"https:\/\/www.codemotion.com\/magazine\/es\/soft-skill-es\/la-ilusion-del-tiempo-perdido\/","og_site_name":"Codemotion Magazine","article_publisher":"https:\/\/www.facebook.com\/Codemotion.Italy\/","article_published_time":"2024-12-09T12:48:52+00:00","article_modified_time":"2025-01-16T07:50:42+00:00","og_image":[{"width":1792,"height":1024,"url":"https:\/\/www.codemotion.com\/magazine\/wp-content\/uploads\/2024\/12\/DALL\u00b7E-2024-12-03-10.42.27-A-horizontal-cinematic-illustration-titled-LIllusione-del-tempo-mancante-depicting-a-surreal-landscape-where-time-feels-fragmented-and-elusive.-Th.webp","type":"image\/webp"}],"author":"Stefania Marinelli","twitter_card":"summary_large_image","twitter_creator":"@CodemotionIT","twitter_site":"@CodemotionIT","twitter_misc":{"Written by":"Stefania Marinelli","Est. reading time":"7 minutes"},"schema":{"@context":"https:\/\/schema.org","@graph":[{"@type":"Article","@id":"https:\/\/www.codemotion.com\/magazine\/es\/soft-skill-es\/la-ilusion-del-tiempo-perdido\/#article","isPartOf":{"@id":"https:\/\/www.codemotion.com\/magazine\/es\/soft-skill-es\/la-ilusion-del-tiempo-perdido\/"},"author":{"name":"Stefania Marinelli","@id":"https:\/\/www.codemotion.com\/magazine\/#\/schema\/person\/541e8d7395ebfdeb16cc105b2c34ee54"},"headline":"La ilusi\u00f3n del tiempo perdido","datePublished":"2024-12-09T12:48:52+00:00","dateModified":"2025-01-16T07:50:42+00:00","mainEntityOfPage":{"@id":"https:\/\/www.codemotion.com\/magazine\/es\/soft-skill-es\/la-ilusion-del-tiempo-perdido\/"},"wordCount":1529,"publisher":{"@id":"https:\/\/www.codemotion.com\/magazine\/#organization"},"image":{"@id":"https:\/\/www.codemotion.com\/magazine\/es\/soft-skill-es\/la-ilusion-del-tiempo-perdido\/#primaryimage"},"thumbnailUrl":"https:\/\/www.codemotion.com\/magazine\/wp-content\/uploads\/2024\/12\/DALL\u00b7E-2024-12-03-10.42.27-A-horizontal-cinematic-illustration-titled-LIllusione-del-tempo-mancante-depicting-a-surreal-landscape-where-time-feels-fragmented-and-elusive.-Th.webp","keywords":["Consejos de carrera"],"articleSection":["Soft skills"],"inLanguage":"en-US"},{"@type":"WebPage","@id":"https:\/\/www.codemotion.com\/magazine\/es\/soft-skill-es\/la-ilusion-del-tiempo-perdido\/","url":"https:\/\/www.codemotion.com\/magazine\/es\/soft-skill-es\/la-ilusion-del-tiempo-perdido\/","name":"La ilusi\u00f3n del tiempo perdido","isPartOf":{"@id":"https:\/\/www.codemotion.com\/magazine\/#website"},"primaryImageOfPage":{"@id":"https:\/\/www.codemotion.com\/magazine\/es\/soft-skill-es\/la-ilusion-del-tiempo-perdido\/#primaryimage"},"image":{"@id":"https:\/\/www.codemotion.com\/magazine\/es\/soft-skill-es\/la-ilusion-del-tiempo-perdido\/#primaryimage"},"thumbnailUrl":"https:\/\/www.codemotion.com\/magazine\/wp-content\/uploads\/2024\/12\/DALL\u00b7E-2024-12-03-10.42.27-A-horizontal-cinematic-illustration-titled-LIllusione-del-tempo-mancante-depicting-a-surreal-landscape-where-time-feels-fragmented-and-elusive.-Th.webp","datePublished":"2024-12-09T12:48:52+00:00","dateModified":"2025-01-16T07:50:42+00:00","description":"Descubre por qu\u00e9 la gesti\u00f3n del tiempo es una ilusi\u00f3n y c\u00f3mo manejar de manera m\u00e1s efectiva las prioridades, la energ\u00eda y la motivaci\u00f3n.","breadcrumb":{"@id":"https:\/\/www.codemotion.com\/magazine\/es\/soft-skill-es\/la-ilusion-del-tiempo-perdido\/#breadcrumb"},"inLanguage":"en-US","potentialAction":[{"@type":"ReadAction","target":["https:\/\/www.codemotion.com\/magazine\/es\/soft-skill-es\/la-ilusion-del-tiempo-perdido\/"]}]},{"@type":"ImageObject","inLanguage":"en-US","@id":"https:\/\/www.codemotion.com\/magazine\/es\/soft-skill-es\/la-ilusion-del-tiempo-perdido\/#primaryimage","url":"https:\/\/www.codemotion.com\/magazine\/wp-content\/uploads\/2024\/12\/DALL\u00b7E-2024-12-03-10.42.27-A-horizontal-cinematic-illustration-titled-LIllusione-del-tempo-mancante-depicting-a-surreal-landscape-where-time-feels-fragmented-and-elusive.-Th.webp","contentUrl":"https:\/\/www.codemotion.com\/magazine\/wp-content\/uploads\/2024\/12\/DALL\u00b7E-2024-12-03-10.42.27-A-horizontal-cinematic-illustration-titled-LIllusione-del-tempo-mancante-depicting-a-surreal-landscape-where-time-feels-fragmented-and-elusive.-Th.webp","width":1792,"height":1024},{"@type":"BreadcrumbList","@id":"https:\/\/www.codemotion.com\/magazine\/es\/soft-skill-es\/la-ilusion-del-tiempo-perdido\/#breadcrumb","itemListElement":[{"@type":"ListItem","position":1,"name":"Home","item":"https:\/\/www.codemotion.com\/magazine\/"},{"@type":"ListItem","position":2,"name":"Soft skills","item":"https:\/\/www.codemotion.com\/magazine\/es\/soft-skill-es\/"},{"@type":"ListItem","position":3,"name":"La ilusi\u00f3n del tiempo perdido"}]},{"@type":"WebSite","@id":"https:\/\/www.codemotion.com\/magazine\/#website","url":"https:\/\/www.codemotion.com\/magazine\/","name":"Codemotion Magazine","description":"We code the future. Together","publisher":{"@id":"https:\/\/www.codemotion.com\/magazine\/#organization"},"potentialAction":[{"@type":"SearchAction","target":{"@type":"EntryPoint","urlTemplate":"https:\/\/www.codemotion.com\/magazine\/?s={search_term_string}"},"query-input":{"@type":"PropertyValueSpecification","valueRequired":true,"valueName":"search_term_string"}}],"inLanguage":"en-US"},{"@type":"Organization","@id":"https:\/\/www.codemotion.com\/magazine\/#organization","name":"Codemotion","url":"https:\/\/www.codemotion.com\/magazine\/","logo":{"@type":"ImageObject","inLanguage":"en-US","@id":"https:\/\/www.codemotion.com\/magazine\/#\/schema\/logo\/image\/","url":"https:\/\/www.codemotion.com\/magazine\/wp-content\/uploads\/2019\/11\/codemotionlogo.png","contentUrl":"https:\/\/www.codemotion.com\/magazine\/wp-content\/uploads\/2019\/11\/codemotionlogo.png","width":225,"height":225,"caption":"Codemotion"},"image":{"@id":"https:\/\/www.codemotion.com\/magazine\/#\/schema\/logo\/image\/"},"sameAs":["https:\/\/www.facebook.com\/Codemotion.Italy\/","https:\/\/x.com\/CodemotionIT"]},{"@type":"Person","@id":"https:\/\/www.codemotion.com\/magazine\/#\/schema\/person\/541e8d7395ebfdeb16cc105b2c34ee54","name":"Stefania Marinelli","image":{"@type":"ImageObject","inLanguage":"en-US","@id":"https:\/\/www.codemotion.com\/magazine\/#\/schema\/person\/image\/","url":"https:\/\/www.codemotion.com\/magazine\/wp-content\/uploads\/2024\/09\/Foto-Stefania-Marinelli-100x100.png","contentUrl":"https:\/\/www.codemotion.com\/magazine\/wp-content\/uploads\/2024\/09\/Foto-Stefania-Marinelli-100x100.png","caption":"Stefania Marinelli"},"sameAs":["https:\/\/stefaniamarinelli.com","https:\/\/www.linkedin.com\/in\/stefaniamarinelli\/"],"url":"https:\/\/www.codemotion.com\/magazine\/author\/stefaniamarinelligmail-com\/"}]}},"featured_image_src":"https:\/\/www.codemotion.com\/magazine\/wp-content\/uploads\/2024\/12\/DALL\u00b7E-2024-12-03-10.42.27-A-horizontal-cinematic-illustration-titled-LIllusione-del-tempo-mancante-depicting-a-surreal-landscape-where-time-feels-fragmented-and-elusive.-Th-600x400.webp","featured_image_src_square":"https:\/\/www.codemotion.com\/magazine\/wp-content\/uploads\/2024\/12\/DALL\u00b7E-2024-12-03-10.42.27-A-horizontal-cinematic-illustration-titled-LIllusione-del-tempo-mancante-depicting-a-surreal-landscape-where-time-feels-fragmented-and-elusive.-Th-600x600.webp","author_info":{"display_name":"Stefania Marinelli","author_link":"https:\/\/www.codemotion.com\/magazine\/author\/stefaniamarinelligmail-com\/"},"uagb_featured_image_src":{"full":["https:\/\/www.codemotion.com\/magazine\/wp-content\/uploads\/2024\/12\/DALL\u00b7E-2024-12-03-10.42.27-A-horizontal-cinematic-illustration-titled-LIllusione-del-tempo-mancante-depicting-a-surreal-landscape-where-time-feels-fragmented-and-elusive.-Th.webp",1792,1024,false],"thumbnail":["https:\/\/www.codemotion.com\/magazine\/wp-content\/uploads\/2024\/12\/DALL\u00b7E-2024-12-03-10.42.27-A-horizontal-cinematic-illustration-titled-LIllusione-del-tempo-mancante-depicting-a-surreal-landscape-where-time-feels-fragmented-and-elusive.-Th-150x150.webp",150,150,true],"medium":["https:\/\/www.codemotion.com\/magazine\/wp-content\/uploads\/2024\/12\/DALL\u00b7E-2024-12-03-10.42.27-A-horizontal-cinematic-illustration-titled-LIllusione-del-tempo-mancante-depicting-a-surreal-landscape-where-time-feels-fragmented-and-elusive.-Th-300x171.webp",300,171,true],"medium_large":["https:\/\/www.codemotion.com\/magazine\/wp-content\/uploads\/2024\/12\/DALL\u00b7E-2024-12-03-10.42.27-A-horizontal-cinematic-illustration-titled-LIllusione-del-tempo-mancante-depicting-a-surreal-landscape-where-time-feels-fragmented-and-elusive.-Th-768x439.webp",768,439,true],"large":["https:\/\/www.codemotion.com\/magazine\/wp-content\/uploads\/2024\/12\/DALL\u00b7E-2024-12-03-10.42.27-A-horizontal-cinematic-illustration-titled-LIllusione-del-tempo-mancante-depicting-a-surreal-landscape-where-time-feels-fragmented-and-elusive.-Th-1024x585.webp",1024,585,true],"1536x1536":["https:\/\/www.codemotion.com\/magazine\/wp-content\/uploads\/2024\/12\/DALL\u00b7E-2024-12-03-10.42.27-A-horizontal-cinematic-illustration-titled-LIllusione-del-tempo-mancante-depicting-a-surreal-landscape-where-time-feels-fragmented-and-elusive.-Th-1536x878.webp",1536,878,true],"2048x2048":["https:\/\/www.codemotion.com\/magazine\/wp-content\/uploads\/2024\/12\/DALL\u00b7E-2024-12-03-10.42.27-A-horizontal-cinematic-illustration-titled-LIllusione-del-tempo-mancante-depicting-a-surreal-landscape-where-time-feels-fragmented-and-elusive.-Th.webp",1792,1024,false],"small-home-featured":["https:\/\/www.codemotion.com\/magazine\/wp-content\/uploads\/2024\/12\/DALL\u00b7E-2024-12-03-10.42.27-A-horizontal-cinematic-illustration-titled-LIllusione-del-tempo-mancante-depicting-a-surreal-landscape-where-time-feels-fragmented-and-elusive.-Th-100x100.webp",100,100,true],"sidebar-featured":["https:\/\/www.codemotion.com\/magazine\/wp-content\/uploads\/2024\/12\/DALL\u00b7E-2024-12-03-10.42.27-A-horizontal-cinematic-illustration-titled-LIllusione-del-tempo-mancante-depicting-a-surreal-landscape-where-time-feels-fragmented-and-elusive.-Th-180x128.webp",180,128,true],"genesis-singular-images":["https:\/\/www.codemotion.com\/magazine\/wp-content\/uploads\/2024\/12\/DALL\u00b7E-2024-12-03-10.42.27-A-horizontal-cinematic-illustration-titled-LIllusione-del-tempo-mancante-depicting-a-surreal-landscape-where-time-feels-fragmented-and-elusive.-Th-896x504.webp",896,504,true],"archive-featured":["https:\/\/www.codemotion.com\/magazine\/wp-content\/uploads\/2024\/12\/DALL\u00b7E-2024-12-03-10.42.27-A-horizontal-cinematic-illustration-titled-LIllusione-del-tempo-mancante-depicting-a-surreal-landscape-where-time-feels-fragmented-and-elusive.-Th-400x225.webp",400,225,true],"gb-block-post-grid-landscape":["https:\/\/www.codemotion.com\/magazine\/wp-content\/uploads\/2024\/12\/DALL\u00b7E-2024-12-03-10.42.27-A-horizontal-cinematic-illustration-titled-LIllusione-del-tempo-mancante-depicting-a-surreal-landscape-where-time-feels-fragmented-and-elusive.-Th-600x400.webp",600,400,true],"gb-block-post-grid-square":["https:\/\/www.codemotion.com\/magazine\/wp-content\/uploads\/2024\/12\/DALL\u00b7E-2024-12-03-10.42.27-A-horizontal-cinematic-illustration-titled-LIllusione-del-tempo-mancante-depicting-a-surreal-landscape-where-time-feels-fragmented-and-elusive.-Th-600x600.webp",600,600,true]},"uagb_author_info":{"display_name":"Stefania Marinelli","author_link":"https:\/\/www.codemotion.com\/magazine\/author\/stefaniamarinelligmail-com\/"},"uagb_comment_info":0,"uagb_excerpt":"Gestionar el tiempo es un arte que a menudo se describe como la clave para alcanzar la eficiencia personal y laboral. Bueno, quiz\u00e1 alguien ya te lo haya dicho: el tiempo no se gestiona. Este verano estaba en la playa cuando tom\u00e9 esta foto: &#8220;Rel\u00e1jate, amigo, el tiempo no existe&#8221;. Y, dejando a un lado&#8230;&hellip;","lang":"es","_links":{"self":[{"href":"https:\/\/www.codemotion.com\/magazine\/wp-json\/wp\/v2\/posts\/31031","targetHints":{"allow":["GET"]}}],"collection":[{"href":"https:\/\/www.codemotion.com\/magazine\/wp-json\/wp\/v2\/posts"}],"about":[{"href":"https:\/\/www.codemotion.com\/magazine\/wp-json\/wp\/v2\/types\/post"}],"author":[{"embeddable":true,"href":"https:\/\/www.codemotion.com\/magazine\/wp-json\/wp\/v2\/users\/294"}],"replies":[{"embeddable":true,"href":"https:\/\/www.codemotion.com\/magazine\/wp-json\/wp\/v2\/comments?post=31031"}],"version-history":[{"count":2,"href":"https:\/\/www.codemotion.com\/magazine\/wp-json\/wp\/v2\/posts\/31031\/revisions"}],"predecessor-version":[{"id":31468,"href":"https:\/\/www.codemotion.com\/magazine\/wp-json\/wp\/v2\/posts\/31031\/revisions\/31468"}],"wp:featuredmedia":[{"embeddable":true,"href":"https:\/\/www.codemotion.com\/magazine\/wp-json\/wp\/v2\/media\/30876"}],"wp:attachment":[{"href":"https:\/\/www.codemotion.com\/magazine\/wp-json\/wp\/v2\/media?parent=31031"}],"wp:term":[{"taxonomy":"category","embeddable":true,"href":"https:\/\/www.codemotion.com\/magazine\/wp-json\/wp\/v2\/categories?post=31031"},{"taxonomy":"post_tag","embeddable":true,"href":"https:\/\/www.codemotion.com\/magazine\/wp-json\/wp\/v2\/tags?post=31031"},{"taxonomy":"collections","embeddable":true,"href":"https:\/\/www.codemotion.com\/magazine\/wp-json\/wp\/v2\/collections?post=31031"}],"curies":[{"name":"wp","href":"https:\/\/api.w.org\/{rel}","templated":true}]}}