{"id":31175,"date":"2024-12-17T13:13:36","date_gmt":"2024-12-17T12:13:36","guid":{"rendered":"https:\/\/www.codemotion.com\/magazine\/?p=31175"},"modified":"2024-12-17T13:13:37","modified_gmt":"2024-12-17T12:13:37","slug":"la-conferenza-codemotion-milano-dal-punto-di-vista-di-un-designer","status":"publish","type":"post","link":"https:\/\/www.codemotion.com\/magazine\/it\/dev-community\/la-conferenza-codemotion-milano-dal-punto-di-vista-di-un-designer\/","title":{"rendered":"La conferenza Codemotion Milano dal punto di vista di un designer"},"content":{"rendered":"\n<p>Come tutti gli anni, <strong>si \u00e8 svolta la conferenza Codemotion a Milano il 22 e il 23 Ottobre 2024<\/strong>, che richiama tantissime persone sia in qualit\u00e0 di <strong>speaker <\/strong>che come <strong>attendee<\/strong> e<strong> Tech Expert.<\/strong><\/p>\n\n\n\n<p>Molti di voi conoscono gi\u00e0<strong> la conferenza annuale di Codemotion<\/strong>, oggi, per\u00f2, vogliamo <strong>raccontarvi l\u2019esperienza dei nostri due designer, Claudia Saffioti e Marius Coman<\/strong>, che hanno preso parte all\u2019edizione come <strong>Tech Expert in <a href=\"https:\/\/www.codemotion.com\/magazine\/it\/frontend-it\/ux-design\/le-migliori-risorse-per-ux-designer\/\">UX <\/a>e accessibilit\u00e0.<\/strong><\/p>\n\n\n\n<p>Parlando con le persone presenti alla fiera, <strong>Claudia e Marius hanno compreso che la collaborazione tra design e programmazione pu\u00f2 (e deve) essere ulteriormente migliorata<\/strong>. I nuovi modi di lavorare e le tecnologie emergenti offrono l\u2019opportunit\u00e0 di <strong>rendere questa collaborazione ancora pi\u00f9 efficace<\/strong>, con l\u2019obiettivo comune di creare prodotti digitali che siano funzionali, usabili, accessibili, scalabili e, perch\u00e9 no, anche esteticamente gradevoli.<\/p>\n\n\n\n<p>Per quanto ci riguarda,<strong> era la nostra prima partecipazione ad un evento dedicato ai nostri amici amanti del codice<\/strong>, ci \u00e8 sembrato quindi giusto raccontare come \u00e8 andata dal nostro punto di vista.<\/p>\n\n\n\n<h2 class=\"wp-block-heading\" id=\"h-accoglienza-e-atmosfera-alla-conferenza-codemotion-milano-2024\">Accoglienza e atmosfera alla Conferenza Codemotion Milano 2024<\/h2>\n\n\n\n<p>Se dovessimo descrivere<strong> l\u2019atmosfera della fiera con una parola soltanto<\/strong>, diremmo: <strong>calorosa<\/strong>. Gi\u00e0 sulla metro potevamo riconoscere chi stava andando alla conferenza<strong>, anche se nessuno di noi aveva il cartellino con il badge<\/strong>, e questo la dice lunga sulla <strong>quantit\u00e0 di gente che ci saremmo aspettati di trovare<\/strong> (abbiamo scoperto poi, che i <strong>partecipanti <\/strong>nelle due giornate sono stati quasi <strong>4.000<\/strong>).<\/p>\n\n\n\n<p>La fila, anche se<strong> molto lunga<\/strong>,<strong> scorreva velocemente<\/strong> e non abbiamo patito particolarmente il fatto di <em>\u201cstare in coda da soli\u201d<\/em>, anzi ci ha dato modo di osservare e iniziare a scaldarci prima del <strong>keynote di apertura.<\/strong><\/p>\n\n\n\n<p>L\u2019accoglienza in generale \u00e8 stata molto <strong>positiva<\/strong>, appena entrati siamo andati a conoscere le altre persone, che come noi, <strong>si erano candidate come Tech Expert.<\/strong><\/p>\n\n\n\n<h2 class=\"wp-block-heading\" id=\"h-chi-e-un-tech-expert-nbsp\">Chi \u00e8 un Tech Expert?&nbsp;<\/h2>\n\n\n\n<p>La nostra partecipazione alla conferenza \u00e8 stata impreziosita <strong>dall\u2019opportunit\u00e0 di lasciare un contributo in prima persona<\/strong>. Entrambi noi autori di questo articolo siamo abituati ad <strong>aiutare la community di design in vari modi<\/strong>, forse per questo motivo abbiamo subito colto<strong> l\u2019occasione di partecipare come Tech Experts in design e <a href=\"https:\/\/www.codemotion.com\/magazine\/it\/dev-community\/rendere-il-web-accessibile-a-chiunque\/\">accessibilit\u00e0<\/a>.<\/strong><\/p>\n\n\n\n<p>Per chi non lo sapesse un <strong>Tech Expert \u00e8 una persona \u201cesperta di tecnologia\u201d <\/strong>all\u2019interno del proprio ambito lavorativo.<\/p>\n\n\n\n<p>Per spiegarla in maniera semplice,<strong> \u00e8 una persona di riferimento alla quale chiunque pu\u00f2 rivolgersi all\u2019interno della conferenza<\/strong>, per fare <strong>domande, rispondere a delle curiosit\u00e0, oppure semplicemente scambiare delle chiacchiere<\/strong> (e del sano <strong><a href=\"https:\/\/www.codemotion.com\/magazine\/it\/dev-life-it\/guida-per-fare-un-buon-networking-a-un-evento-tech\/\">networking<\/a><\/strong>).\u00a0<\/p>\n\n\n\n<h2 class=\"wp-block-heading\" id=\"h-che-cos-e-l-accessibilita\">Che cos\u2019\u00e8 l\u2019accessibilit\u00e0?<\/h2>\n\n\n\n<p>Da definizione possiamo leggere che:&nbsp;<\/p>\n\n\n\n<p><em>\u201cPer accessibilit\u00e0 si intende la capacit\u00e0 dei sistemi informatici, di erogare servizi e fornire informazioni fruibili, senza discriminazioni, anche da parte di coloro che a causa di disabilit\u00e0 necessitano di tecnologie assistive o configurazioni particolari. Nessun utente deve essere discriminato e deve quindi poter accedere alle informazioni e ai servizi digitali erogati dalla Pubblica amministrazione.\u201d<\/em><\/p>\n\n\n\n<p>Viene da se, quindi che<strong> il design e lo sviluppo devono andare a braccetto<\/strong> con questa componente in quanto parte integrante delle esperienze digitali che progettiamo ogni giorno.\u00a0<\/p>\n\n\n\n<p>Se viene a mancare o non si tiene conto anche di questo aspetto<strong> avremo dei prodotti digitali che non tengono conto di tutti <\/strong>e quindi potremmo rischiare di compromettere una riuscita efficace del nostro prodotto.\u00a0<\/p>\n\n\n\n<h2 class=\"wp-block-heading\" id=\"h-cosa-hanno-in-comune-design-e-programmazione\">Cosa hanno in comune design e programmazione?<\/h2>\n\n\n\n<p>Design e accessibilit\u00e0 sono due ambiti che possono sembrare un po&#8217; distanti da un tema come quello della programmazione, ma in realt\u00e0 non \u00e8 affatto cos\u00ec.<\/p>\n\n\n\n<p>Entrambe le discipline (design e programmazione) <strong>contribuiscono alla realizzazione di prodotti digitali.<\/strong><\/p>\n\n\n\n<p>Se questi prodotti saranno di <strong>successo <\/strong>o meno, lo decreter\u00e0, insieme a tutti gli altri fattori, <strong>anche il grado di collaborazione raggiunto tra queste due figure professionali<\/strong>, che spesso purtroppo si dimenticano di far parte della stessa barca.<\/p>\n\n\n\n<p>Il design, non \u00e8 solo una questione estetica, <strong>ma una parte integrante del processo di sviluppo delle interazioni digitali.\u00a0<\/strong><\/p>\n\n\n\n<p>Un prodotto digitale <strong>senza il design, rischierebbe di perdere di vista i bisogni dell&#8217;utente,<\/strong> cadendo in una sfilza di funzionalit\u00e0 infinite. Al contrario, il design senza la programmazione, rimarrebbe soltanto una buona idea incompiuta.<\/p>\n\n\n\n<p>Viene da s\u00e9, quindi, che <strong>le parti devono lavorare in modo sinergico fra loro.<\/strong><\/p>\n\n\n\n<p>Il tutto si potrebbe <strong>riassumere <\/strong>con la seguente frase:<em> \u201cIl design guida il codice, ma il codice rende il design vivo.\u201d<\/em><\/p>\n\n\n\n<h2 class=\"wp-block-heading\" id=\"h-la-vera-attrazione-della-conferenza-codemotion-2024\">La vera attrazione della conferenza Codemotion 2024<\/h2>\n\n\n\n<p>Veniamo per\u00f2 al sodo di questa conferenza Codemotion 2024,<strong> tra i vari talk disponibili, 9 contemporaneamente<\/strong>, con altrettante sale dedicate, non potevamo che trovare di nostro interesse quelli <strong>dedicati all\u2019accessibilit\u00e0 e al frontend.<\/strong><\/p>\n\n\n\n<p>Tra questi segnaliamo come particolarmente coinvolgente<strong> il talk sull&#8217;utilizzo dell\u2019attributo ARIA <\/strong>(Accessible Rich Internet Applications), per rendere le applicazioni web utilizzabili anche da persone con disabilit\u00e0. Insieme al<strong> talk dedicato all\u2019evoluzione che ha avuto il <a href=\"https:\/\/www.codemotion.com\/magazine\/it\/frontend-it\/repository-css-da-esplorare\/\">CSS <\/a>nel tempo<\/strong>, che sta diventando uno strumento sempre pi\u00f9 avanzato.<\/p>\n\n\n\n<h2 class=\"wp-block-heading\" id=\"h-momenti-divertenti\">Momenti divertenti<\/h2>\n\n\n\n<p>Come ogni conferenza che si rispetti, oltre ai vari talk e momenti di networking,<strong> non sono mancati anche i momenti di gioco.<\/strong><\/p>\n\n\n\n<p>Nell\u2019ultima parte della giornata, infatti, abbiamo partecipato a <strong>Slide Roulette,<\/strong> un gioco il cui scopo era creare una storia divertente su un argomento specifico.<\/p>\n\n\n\n<p>Ad esempio, ci era capitata una <strong>slide con un lemure e del cioccolato<\/strong>, e l\u2019obiettivo era inventare una <strong>storia che collegasse questi due elementi.<\/strong><\/p>\n\n\n\n<p>Alcuni se la sono cavata meglio di altri, <strong>ma tutti hanno apprezzato questi momenti comici.<\/strong><\/p>\n\n\n\n<h2 class=\"wp-block-heading\" id=\"h-conclusioni\">Conclusioni<\/h2>\n\n\n\n<p>Se \u00e8 vero che 1 foto vale 1.000 parole, in tempi come questi dove tutto si sta spostando verso il digitale, <strong>1 conferenza dal vivo ne vale 1.000 da remoto.<\/strong><\/p>\n\n\n\n<p>Allo stesso modo, se \u00e8 vero che il designer non \u00e8 costretto a saper scrivere codice, <strong>\u00e8 altrettanto vero che deve conoscere il mondo della programmazione<\/strong> per riuscire a comunicare e collaborare al meglio con i propri colleghi.<\/p>\n\n\n\n<p>Eventi come questo diventano<strong> un&#8217;occasione unica per condividere conoscenze maturate in anni di lavoro e per scoprire, attraverso il confronto, come il settore stia cambiando<\/strong>. Non \u00e8 solo una questione di apprendimento, ma anche di percepire da vicino le sfide e le opportunit\u00e0 che questa evoluzione porta con s\u00e9.<\/p>\n\n\n\n<p>Un\u2019evoluzione che sta avvenendo alla velocit\u00e0 della luce, proprio per questo <strong>non vediamo l\u2019ora di vedere le novit\u00e0 che verranno condivise nelle conferenze del prossimo anno<\/strong>, che infatti raddoppieranno, aggiungendo all&#8217;appuntamento immancabile di Milano a fine ottobre anche il nuovissimo evento del<a href=\"https:\/\/conferences.codemotion.com\/rome2025\/it\/home-ita\/\"> 14 aprile 2025 a Roma, all\u2019Auditorium della Tecnica.<\/a><\/p>\n","protected":false},"excerpt":{"rendered":"<p>Come tutti gli anni, si \u00e8 svolta la conferenza Codemotion a Milano il 22 e il 23 Ottobre 2024, che richiama tantissime persone sia in qualit\u00e0 di speaker che come attendee e Tech Expert. Molti di voi conoscono gi\u00e0 la conferenza annuale di Codemotion, oggi, per\u00f2, vogliamo raccontarvi l\u2019esperienza dei nostri due designer, Claudia Saffioti&#8230; <a class=\"more-link\" href=\"https:\/\/www.codemotion.com\/magazine\/it\/dev-community\/la-conferenza-codemotion-milano-dal-punto-di-vista-di-un-designer\/\">Read more<\/a><\/p>\n","protected":false},"author":167,"featured_media":31176,"comment_status":"closed","ping_status":"closed","sticky":false,"template":"","format":"standard","meta":{"_editorskit_title_hidden":false,"_editorskit_reading_time":0,"_editorskit_is_block_options_detached":false,"_editorskit_block_options_position":"{}","_uag_custom_page_level_css":"","_genesis_hide_title":false,"_genesis_hide_breadcrumbs":false,"_genesis_hide_singular_image":false,"_genesis_hide_footer_widgets":false,"_genesis_custom_body_class":"","_genesis_custom_post_class":"","_genesis_layout":"","footnotes":""},"categories":[10279],"tags":[12893,10438,10383],"collections":[11708],"class_list":{"0":"post-31175","1":"post","2":"type-post","3":"status-publish","4":"format-standard","5":"has-post-thumbnail","7":"category-dev-community","8":"tag-conferenza-codemotion","9":"tag-sviluppo-software-it","10":"tag-ux-designer","11":"collections-dalla-community","12":"entry"},"yoast_head":"<!-- This site is optimized with the Yoast SEO Premium plugin v26.9 (Yoast SEO v26.9) - https:\/\/yoast.com\/product\/yoast-seo-premium-wordpress\/ -->\n<title>La conferenza Codemotion Milano dal punto di vista di un designer<\/title>\n<meta name=\"description\" content=\"Leggi dell&#039;esperienza di due UX designer alla Conferenza Codemotion di ottobre 2024 a Milano e preparati a partecipare a quella di Roma 2025!\" \/>\n<meta name=\"robots\" content=\"index, follow, max-snippet:-1, max-image-preview:large, max-video-preview:-1\" \/>\n<link rel=\"canonical\" href=\"https:\/\/www.codemotion.com\/magazine\/it\/dev-community\/la-conferenza-codemotion-milano-dal-punto-di-vista-di-un-designer\/\" \/>\n<meta property=\"og:locale\" content=\"en_US\" \/>\n<meta property=\"og:type\" content=\"article\" \/>\n<meta property=\"og:title\" content=\"La conferenza Codemotion Milano dal punto di vista di un designer\" \/>\n<meta property=\"og:description\" content=\"Leggi dell&#039;esperienza di due UX designer alla Conferenza Codemotion di ottobre 2024 a Milano e preparati a partecipare a quella di Roma 2025!\" \/>\n<meta property=\"og:url\" content=\"https:\/\/www.codemotion.com\/magazine\/it\/dev-community\/la-conferenza-codemotion-milano-dal-punto-di-vista-di-un-designer\/\" \/>\n<meta property=\"og:site_name\" content=\"Codemotion Magazine\" \/>\n<meta property=\"article:publisher\" content=\"https:\/\/www.facebook.com\/Codemotion.Italy\/\" \/>\n<meta property=\"article:published_time\" content=\"2024-12-17T12:13:36+00:00\" \/>\n<meta property=\"article:modified_time\" content=\"2024-12-17T12:13:37+00:00\" \/>\n<meta property=\"og:image\" content=\"https:\/\/www.codemotion.com\/magazine\/wp-content\/uploads\/2024\/12\/DALL\u00b7E-2024-12-17-11.46.18-Una-scena-vivace-e-realistica-di-una-Codemotion-Conference-in-formato-orizzontale.-La-sala-conferenze-e-spaziosa-con-un-grande-palco-illuminato-da-lu.webp\" \/>\n\t<meta property=\"og:image:width\" content=\"1792\" \/>\n\t<meta property=\"og:image:height\" content=\"1024\" \/>\n\t<meta property=\"og:image:type\" content=\"image\/webp\" \/>\n<meta name=\"author\" content=\"Sherpa Community\" \/>\n<meta name=\"twitter:card\" content=\"summary_large_image\" \/>\n<meta name=\"twitter:creator\" content=\"@CodemotionIT\" \/>\n<meta name=\"twitter:site\" content=\"@CodemotionIT\" \/>\n<meta name=\"twitter:label1\" content=\"Written by\" \/>\n\t<meta name=\"twitter:data1\" content=\"Sherpa Community\" \/>\n\t<meta name=\"twitter:label2\" content=\"Est. reading time\" \/>\n\t<meta name=\"twitter:data2\" content=\"5 minutes\" \/>\n<script type=\"application\/ld+json\" class=\"yoast-schema-graph\">{\"@context\":\"https:\/\/schema.org\",\"@graph\":[{\"@type\":\"Article\",\"@id\":\"https:\/\/www.codemotion.com\/magazine\/it\/dev-community\/la-conferenza-codemotion-milano-dal-punto-di-vista-di-un-designer\/#article\",\"isPartOf\":{\"@id\":\"https:\/\/www.codemotion.com\/magazine\/it\/dev-community\/la-conferenza-codemotion-milano-dal-punto-di-vista-di-un-designer\/\"},\"author\":{\"name\":\"Sherpa Community\",\"@id\":\"https:\/\/www.codemotion.com\/magazine\/#\/schema\/person\/7f6219152300591e9d224ff6efac6acc\"},\"headline\":\"La conferenza Codemotion Milano dal punto di vista di un designer\",\"datePublished\":\"2024-12-17T12:13:36+00:00\",\"dateModified\":\"2024-12-17T12:13:37+00:00\",\"mainEntityOfPage\":{\"@id\":\"https:\/\/www.codemotion.com\/magazine\/it\/dev-community\/la-conferenza-codemotion-milano-dal-punto-di-vista-di-un-designer\/\"},\"wordCount\":1045,\"publisher\":{\"@id\":\"https:\/\/www.codemotion.com\/magazine\/#organization\"},\"image\":{\"@id\":\"https:\/\/www.codemotion.com\/magazine\/it\/dev-community\/la-conferenza-codemotion-milano-dal-punto-di-vista-di-un-designer\/#primaryimage\"},\"thumbnailUrl\":\"https:\/\/www.codemotion.com\/magazine\/wp-content\/uploads\/2024\/12\/DALL\u00b7E-2024-12-17-11.46.18-Una-scena-vivace-e-realistica-di-una-Codemotion-Conference-in-formato-orizzontale.-La-sala-conferenze-e-spaziosa-con-un-grande-palco-illuminato-da-lu.webp\",\"keywords\":[\"conferenza codemotion\",\"sviluppo software\",\"UX designer\"],\"articleSection\":[\"Dev community\"],\"inLanguage\":\"en-US\"},{\"@type\":\"WebPage\",\"@id\":\"https:\/\/www.codemotion.com\/magazine\/it\/dev-community\/la-conferenza-codemotion-milano-dal-punto-di-vista-di-un-designer\/\",\"url\":\"https:\/\/www.codemotion.com\/magazine\/it\/dev-community\/la-conferenza-codemotion-milano-dal-punto-di-vista-di-un-designer\/\",\"name\":\"La conferenza Codemotion Milano dal punto di vista di un designer\",\"isPartOf\":{\"@id\":\"https:\/\/www.codemotion.com\/magazine\/#website\"},\"primaryImageOfPage\":{\"@id\":\"https:\/\/www.codemotion.com\/magazine\/it\/dev-community\/la-conferenza-codemotion-milano-dal-punto-di-vista-di-un-designer\/#primaryimage\"},\"image\":{\"@id\":\"https:\/\/www.codemotion.com\/magazine\/it\/dev-community\/la-conferenza-codemotion-milano-dal-punto-di-vista-di-un-designer\/#primaryimage\"},\"thumbnailUrl\":\"https:\/\/www.codemotion.com\/magazine\/wp-content\/uploads\/2024\/12\/DALL\u00b7E-2024-12-17-11.46.18-Una-scena-vivace-e-realistica-di-una-Codemotion-Conference-in-formato-orizzontale.-La-sala-conferenze-e-spaziosa-con-un-grande-palco-illuminato-da-lu.webp\",\"datePublished\":\"2024-12-17T12:13:36+00:00\",\"dateModified\":\"2024-12-17T12:13:37+00:00\",\"description\":\"Leggi dell'esperienza di due UX designer alla Conferenza Codemotion di ottobre 2024 a Milano e preparati a partecipare a quella di Roma 2025!\",\"breadcrumb\":{\"@id\":\"https:\/\/www.codemotion.com\/magazine\/it\/dev-community\/la-conferenza-codemotion-milano-dal-punto-di-vista-di-un-designer\/#breadcrumb\"},\"inLanguage\":\"en-US\",\"potentialAction\":[{\"@type\":\"ReadAction\",\"target\":[\"https:\/\/www.codemotion.com\/magazine\/it\/dev-community\/la-conferenza-codemotion-milano-dal-punto-di-vista-di-un-designer\/\"]}]},{\"@type\":\"ImageObject\",\"inLanguage\":\"en-US\",\"@id\":\"https:\/\/www.codemotion.com\/magazine\/it\/dev-community\/la-conferenza-codemotion-milano-dal-punto-di-vista-di-un-designer\/#primaryimage\",\"url\":\"https:\/\/www.codemotion.com\/magazine\/wp-content\/uploads\/2024\/12\/DALL\u00b7E-2024-12-17-11.46.18-Una-scena-vivace-e-realistica-di-una-Codemotion-Conference-in-formato-orizzontale.-La-sala-conferenze-e-spaziosa-con-un-grande-palco-illuminato-da-lu.webp\",\"contentUrl\":\"https:\/\/www.codemotion.com\/magazine\/wp-content\/uploads\/2024\/12\/DALL\u00b7E-2024-12-17-11.46.18-Una-scena-vivace-e-realistica-di-una-Codemotion-Conference-in-formato-orizzontale.-La-sala-conferenze-e-spaziosa-con-un-grande-palco-illuminato-da-lu.webp\",\"width\":1792,\"height\":1024},{\"@type\":\"BreadcrumbList\",\"@id\":\"https:\/\/www.codemotion.com\/magazine\/it\/dev-community\/la-conferenza-codemotion-milano-dal-punto-di-vista-di-un-designer\/#breadcrumb\",\"itemListElement\":[{\"@type\":\"ListItem\",\"position\":1,\"name\":\"Home\",\"item\":\"https:\/\/www.codemotion.com\/magazine\/\"},{\"@type\":\"ListItem\",\"position\":2,\"name\":\"Dev community\",\"item\":\"https:\/\/www.codemotion.com\/magazine\/it\/dev-community\/\"},{\"@type\":\"ListItem\",\"position\":3,\"name\":\"La conferenza Codemotion Milano dal punto di vista di un designer\"}]},{\"@type\":\"WebSite\",\"@id\":\"https:\/\/www.codemotion.com\/magazine\/#website\",\"url\":\"https:\/\/www.codemotion.com\/magazine\/\",\"name\":\"Codemotion Magazine\",\"description\":\"We code the future. Together\",\"publisher\":{\"@id\":\"https:\/\/www.codemotion.com\/magazine\/#organization\"},\"potentialAction\":[{\"@type\":\"SearchAction\",\"target\":{\"@type\":\"EntryPoint\",\"urlTemplate\":\"https:\/\/www.codemotion.com\/magazine\/?s={search_term_string}\"},\"query-input\":{\"@type\":\"PropertyValueSpecification\",\"valueRequired\":true,\"valueName\":\"search_term_string\"}}],\"inLanguage\":\"en-US\"},{\"@type\":\"Organization\",\"@id\":\"https:\/\/www.codemotion.com\/magazine\/#organization\",\"name\":\"Codemotion\",\"url\":\"https:\/\/www.codemotion.com\/magazine\/\",\"logo\":{\"@type\":\"ImageObject\",\"inLanguage\":\"en-US\",\"@id\":\"https:\/\/www.codemotion.com\/magazine\/#\/schema\/logo\/image\/\",\"url\":\"https:\/\/www.codemotion.com\/magazine\/wp-content\/uploads\/2019\/11\/codemotionlogo.png\",\"contentUrl\":\"https:\/\/www.codemotion.com\/magazine\/wp-content\/uploads\/2019\/11\/codemotionlogo.png\",\"width\":225,\"height\":225,\"caption\":\"Codemotion\"},\"image\":{\"@id\":\"https:\/\/www.codemotion.com\/magazine\/#\/schema\/logo\/image\/\"},\"sameAs\":[\"https:\/\/www.facebook.com\/Codemotion.Italy\/\",\"https:\/\/x.com\/CodemotionIT\"]},{\"@type\":\"Person\",\"@id\":\"https:\/\/www.codemotion.com\/magazine\/#\/schema\/person\/7f6219152300591e9d224ff6efac6acc\",\"name\":\"Sherpa Community\",\"image\":{\"@type\":\"ImageObject\",\"inLanguage\":\"en-US\",\"@id\":\"https:\/\/www.codemotion.com\/magazine\/#\/schema\/person\/image\/\",\"url\":\"https:\/\/www.codemotion.com\/magazine\/wp-content\/uploads\/2023\/10\/sherpa-icon-rounded-150x150.png\",\"contentUrl\":\"https:\/\/www.codemotion.com\/magazine\/wp-content\/uploads\/2023\/10\/sherpa-icon-rounded-150x150.png\",\"caption\":\"Sherpa Community\"},\"description\":\"Sherpa \u00e8 la community italiana di UX\/UI Designer dove crescere e formarsi. Formazione, confronto e mentoring per aiutarti a crescere professionalmente.\",\"url\":\"https:\/\/www.codemotion.com\/magazine\/author\/sherpa-community\/\"}]}<\/script>\n<!-- \/ Yoast SEO Premium plugin. -->","yoast_head_json":{"title":"La conferenza Codemotion Milano dal punto di vista di un designer","description":"Leggi dell'esperienza di due UX designer alla Conferenza Codemotion di ottobre 2024 a Milano e preparati a partecipare a quella di Roma 2025!","robots":{"index":"index","follow":"follow","max-snippet":"max-snippet:-1","max-image-preview":"max-image-preview:large","max-video-preview":"max-video-preview:-1"},"canonical":"https:\/\/www.codemotion.com\/magazine\/it\/dev-community\/la-conferenza-codemotion-milano-dal-punto-di-vista-di-un-designer\/","og_locale":"en_US","og_type":"article","og_title":"La conferenza Codemotion Milano dal punto di vista di un designer","og_description":"Leggi dell'esperienza di due UX designer alla Conferenza Codemotion di ottobre 2024 a Milano e preparati a partecipare a quella di Roma 2025!","og_url":"https:\/\/www.codemotion.com\/magazine\/it\/dev-community\/la-conferenza-codemotion-milano-dal-punto-di-vista-di-un-designer\/","og_site_name":"Codemotion Magazine","article_publisher":"https:\/\/www.facebook.com\/Codemotion.Italy\/","article_published_time":"2024-12-17T12:13:36+00:00","article_modified_time":"2024-12-17T12:13:37+00:00","og_image":[{"width":1792,"height":1024,"url":"https:\/\/www.codemotion.com\/magazine\/wp-content\/uploads\/2024\/12\/DALL\u00b7E-2024-12-17-11.46.18-Una-scena-vivace-e-realistica-di-una-Codemotion-Conference-in-formato-orizzontale.-La-sala-conferenze-e-spaziosa-con-un-grande-palco-illuminato-da-lu.webp","type":"image\/webp"}],"author":"Sherpa Community","twitter_card":"summary_large_image","twitter_creator":"@CodemotionIT","twitter_site":"@CodemotionIT","twitter_misc":{"Written by":"Sherpa Community","Est. reading time":"5 minutes"},"schema":{"@context":"https:\/\/schema.org","@graph":[{"@type":"Article","@id":"https:\/\/www.codemotion.com\/magazine\/it\/dev-community\/la-conferenza-codemotion-milano-dal-punto-di-vista-di-un-designer\/#article","isPartOf":{"@id":"https:\/\/www.codemotion.com\/magazine\/it\/dev-community\/la-conferenza-codemotion-milano-dal-punto-di-vista-di-un-designer\/"},"author":{"name":"Sherpa Community","@id":"https:\/\/www.codemotion.com\/magazine\/#\/schema\/person\/7f6219152300591e9d224ff6efac6acc"},"headline":"La conferenza Codemotion Milano dal punto di vista di un designer","datePublished":"2024-12-17T12:13:36+00:00","dateModified":"2024-12-17T12:13:37+00:00","mainEntityOfPage":{"@id":"https:\/\/www.codemotion.com\/magazine\/it\/dev-community\/la-conferenza-codemotion-milano-dal-punto-di-vista-di-un-designer\/"},"wordCount":1045,"publisher":{"@id":"https:\/\/www.codemotion.com\/magazine\/#organization"},"image":{"@id":"https:\/\/www.codemotion.com\/magazine\/it\/dev-community\/la-conferenza-codemotion-milano-dal-punto-di-vista-di-un-designer\/#primaryimage"},"thumbnailUrl":"https:\/\/www.codemotion.com\/magazine\/wp-content\/uploads\/2024\/12\/DALL\u00b7E-2024-12-17-11.46.18-Una-scena-vivace-e-realistica-di-una-Codemotion-Conference-in-formato-orizzontale.-La-sala-conferenze-e-spaziosa-con-un-grande-palco-illuminato-da-lu.webp","keywords":["conferenza codemotion","sviluppo software","UX designer"],"articleSection":["Dev community"],"inLanguage":"en-US"},{"@type":"WebPage","@id":"https:\/\/www.codemotion.com\/magazine\/it\/dev-community\/la-conferenza-codemotion-milano-dal-punto-di-vista-di-un-designer\/","url":"https:\/\/www.codemotion.com\/magazine\/it\/dev-community\/la-conferenza-codemotion-milano-dal-punto-di-vista-di-un-designer\/","name":"La conferenza Codemotion Milano dal punto di vista di un designer","isPartOf":{"@id":"https:\/\/www.codemotion.com\/magazine\/#website"},"primaryImageOfPage":{"@id":"https:\/\/www.codemotion.com\/magazine\/it\/dev-community\/la-conferenza-codemotion-milano-dal-punto-di-vista-di-un-designer\/#primaryimage"},"image":{"@id":"https:\/\/www.codemotion.com\/magazine\/it\/dev-community\/la-conferenza-codemotion-milano-dal-punto-di-vista-di-un-designer\/#primaryimage"},"thumbnailUrl":"https:\/\/www.codemotion.com\/magazine\/wp-content\/uploads\/2024\/12\/DALL\u00b7E-2024-12-17-11.46.18-Una-scena-vivace-e-realistica-di-una-Codemotion-Conference-in-formato-orizzontale.-La-sala-conferenze-e-spaziosa-con-un-grande-palco-illuminato-da-lu.webp","datePublished":"2024-12-17T12:13:36+00:00","dateModified":"2024-12-17T12:13:37+00:00","description":"Leggi dell'esperienza di due UX designer alla Conferenza Codemotion di ottobre 2024 a Milano e preparati a partecipare a quella di Roma 2025!","breadcrumb":{"@id":"https:\/\/www.codemotion.com\/magazine\/it\/dev-community\/la-conferenza-codemotion-milano-dal-punto-di-vista-di-un-designer\/#breadcrumb"},"inLanguage":"en-US","potentialAction":[{"@type":"ReadAction","target":["https:\/\/www.codemotion.com\/magazine\/it\/dev-community\/la-conferenza-codemotion-milano-dal-punto-di-vista-di-un-designer\/"]}]},{"@type":"ImageObject","inLanguage":"en-US","@id":"https:\/\/www.codemotion.com\/magazine\/it\/dev-community\/la-conferenza-codemotion-milano-dal-punto-di-vista-di-un-designer\/#primaryimage","url":"https:\/\/www.codemotion.com\/magazine\/wp-content\/uploads\/2024\/12\/DALL\u00b7E-2024-12-17-11.46.18-Una-scena-vivace-e-realistica-di-una-Codemotion-Conference-in-formato-orizzontale.-La-sala-conferenze-e-spaziosa-con-un-grande-palco-illuminato-da-lu.webp","contentUrl":"https:\/\/www.codemotion.com\/magazine\/wp-content\/uploads\/2024\/12\/DALL\u00b7E-2024-12-17-11.46.18-Una-scena-vivace-e-realistica-di-una-Codemotion-Conference-in-formato-orizzontale.-La-sala-conferenze-e-spaziosa-con-un-grande-palco-illuminato-da-lu.webp","width":1792,"height":1024},{"@type":"BreadcrumbList","@id":"https:\/\/www.codemotion.com\/magazine\/it\/dev-community\/la-conferenza-codemotion-milano-dal-punto-di-vista-di-un-designer\/#breadcrumb","itemListElement":[{"@type":"ListItem","position":1,"name":"Home","item":"https:\/\/www.codemotion.com\/magazine\/"},{"@type":"ListItem","position":2,"name":"Dev community","item":"https:\/\/www.codemotion.com\/magazine\/it\/dev-community\/"},{"@type":"ListItem","position":3,"name":"La conferenza Codemotion Milano dal punto di vista di un designer"}]},{"@type":"WebSite","@id":"https:\/\/www.codemotion.com\/magazine\/#website","url":"https:\/\/www.codemotion.com\/magazine\/","name":"Codemotion Magazine","description":"We code the future. Together","publisher":{"@id":"https:\/\/www.codemotion.com\/magazine\/#organization"},"potentialAction":[{"@type":"SearchAction","target":{"@type":"EntryPoint","urlTemplate":"https:\/\/www.codemotion.com\/magazine\/?s={search_term_string}"},"query-input":{"@type":"PropertyValueSpecification","valueRequired":true,"valueName":"search_term_string"}}],"inLanguage":"en-US"},{"@type":"Organization","@id":"https:\/\/www.codemotion.com\/magazine\/#organization","name":"Codemotion","url":"https:\/\/www.codemotion.com\/magazine\/","logo":{"@type":"ImageObject","inLanguage":"en-US","@id":"https:\/\/www.codemotion.com\/magazine\/#\/schema\/logo\/image\/","url":"https:\/\/www.codemotion.com\/magazine\/wp-content\/uploads\/2019\/11\/codemotionlogo.png","contentUrl":"https:\/\/www.codemotion.com\/magazine\/wp-content\/uploads\/2019\/11\/codemotionlogo.png","width":225,"height":225,"caption":"Codemotion"},"image":{"@id":"https:\/\/www.codemotion.com\/magazine\/#\/schema\/logo\/image\/"},"sameAs":["https:\/\/www.facebook.com\/Codemotion.Italy\/","https:\/\/x.com\/CodemotionIT"]},{"@type":"Person","@id":"https:\/\/www.codemotion.com\/magazine\/#\/schema\/person\/7f6219152300591e9d224ff6efac6acc","name":"Sherpa Community","image":{"@type":"ImageObject","inLanguage":"en-US","@id":"https:\/\/www.codemotion.com\/magazine\/#\/schema\/person\/image\/","url":"https:\/\/www.codemotion.com\/magazine\/wp-content\/uploads\/2023\/10\/sherpa-icon-rounded-150x150.png","contentUrl":"https:\/\/www.codemotion.com\/magazine\/wp-content\/uploads\/2023\/10\/sherpa-icon-rounded-150x150.png","caption":"Sherpa Community"},"description":"Sherpa \u00e8 la community italiana di UX\/UI Designer dove crescere e formarsi. Formazione, confronto e mentoring per aiutarti a crescere professionalmente.","url":"https:\/\/www.codemotion.com\/magazine\/author\/sherpa-community\/"}]}},"featured_image_src":"https:\/\/www.codemotion.com\/magazine\/wp-content\/uploads\/2024\/12\/DALL\u00b7E-2024-12-17-11.46.18-Una-scena-vivace-e-realistica-di-una-Codemotion-Conference-in-formato-orizzontale.-La-sala-conferenze-e-spaziosa-con-un-grande-palco-illuminato-da-lu-600x400.webp","featured_image_src_square":"https:\/\/www.codemotion.com\/magazine\/wp-content\/uploads\/2024\/12\/DALL\u00b7E-2024-12-17-11.46.18-Una-scena-vivace-e-realistica-di-una-Codemotion-Conference-in-formato-orizzontale.-La-sala-conferenze-e-spaziosa-con-un-grande-palco-illuminato-da-lu-600x600.webp","author_info":{"display_name":"Sherpa Community","author_link":"https:\/\/www.codemotion.com\/magazine\/author\/sherpa-community\/"},"uagb_featured_image_src":{"full":["https:\/\/www.codemotion.com\/magazine\/wp-content\/uploads\/2024\/12\/DALL\u00b7E-2024-12-17-11.46.18-Una-scena-vivace-e-realistica-di-una-Codemotion-Conference-in-formato-orizzontale.-La-sala-conferenze-e-spaziosa-con-un-grande-palco-illuminato-da-lu.webp",1792,1024,false],"thumbnail":["https:\/\/www.codemotion.com\/magazine\/wp-content\/uploads\/2024\/12\/DALL\u00b7E-2024-12-17-11.46.18-Una-scena-vivace-e-realistica-di-una-Codemotion-Conference-in-formato-orizzontale.-La-sala-conferenze-e-spaziosa-con-un-grande-palco-illuminato-da-lu-150x150.webp",150,150,true],"medium":["https:\/\/www.codemotion.com\/magazine\/wp-content\/uploads\/2024\/12\/DALL\u00b7E-2024-12-17-11.46.18-Una-scena-vivace-e-realistica-di-una-Codemotion-Conference-in-formato-orizzontale.-La-sala-conferenze-e-spaziosa-con-un-grande-palco-illuminato-da-lu-300x171.webp",300,171,true],"medium_large":["https:\/\/www.codemotion.com\/magazine\/wp-content\/uploads\/2024\/12\/DALL\u00b7E-2024-12-17-11.46.18-Una-scena-vivace-e-realistica-di-una-Codemotion-Conference-in-formato-orizzontale.-La-sala-conferenze-e-spaziosa-con-un-grande-palco-illuminato-da-lu-768x439.webp",768,439,true],"large":["https:\/\/www.codemotion.com\/magazine\/wp-content\/uploads\/2024\/12\/DALL\u00b7E-2024-12-17-11.46.18-Una-scena-vivace-e-realistica-di-una-Codemotion-Conference-in-formato-orizzontale.-La-sala-conferenze-e-spaziosa-con-un-grande-palco-illuminato-da-lu-1024x585.webp",1024,585,true],"1536x1536":["https:\/\/www.codemotion.com\/magazine\/wp-content\/uploads\/2024\/12\/DALL\u00b7E-2024-12-17-11.46.18-Una-scena-vivace-e-realistica-di-una-Codemotion-Conference-in-formato-orizzontale.-La-sala-conferenze-e-spaziosa-con-un-grande-palco-illuminato-da-lu-1536x878.webp",1536,878,true],"2048x2048":["https:\/\/www.codemotion.com\/magazine\/wp-content\/uploads\/2024\/12\/DALL\u00b7E-2024-12-17-11.46.18-Una-scena-vivace-e-realistica-di-una-Codemotion-Conference-in-formato-orizzontale.-La-sala-conferenze-e-spaziosa-con-un-grande-palco-illuminato-da-lu.webp",1792,1024,false],"small-home-featured":["https:\/\/www.codemotion.com\/magazine\/wp-content\/uploads\/2024\/12\/DALL\u00b7E-2024-12-17-11.46.18-Una-scena-vivace-e-realistica-di-una-Codemotion-Conference-in-formato-orizzontale.-La-sala-conferenze-e-spaziosa-con-un-grande-palco-illuminato-da-lu-100x100.webp",100,100,true],"sidebar-featured":["https:\/\/www.codemotion.com\/magazine\/wp-content\/uploads\/2024\/12\/DALL\u00b7E-2024-12-17-11.46.18-Una-scena-vivace-e-realistica-di-una-Codemotion-Conference-in-formato-orizzontale.-La-sala-conferenze-e-spaziosa-con-un-grande-palco-illuminato-da-lu-180x128.webp",180,128,true],"genesis-singular-images":["https:\/\/www.codemotion.com\/magazine\/wp-content\/uploads\/2024\/12\/DALL\u00b7E-2024-12-17-11.46.18-Una-scena-vivace-e-realistica-di-una-Codemotion-Conference-in-formato-orizzontale.-La-sala-conferenze-e-spaziosa-con-un-grande-palco-illuminato-da-lu-896x504.webp",896,504,true],"archive-featured":["https:\/\/www.codemotion.com\/magazine\/wp-content\/uploads\/2024\/12\/DALL\u00b7E-2024-12-17-11.46.18-Una-scena-vivace-e-realistica-di-una-Codemotion-Conference-in-formato-orizzontale.-La-sala-conferenze-e-spaziosa-con-un-grande-palco-illuminato-da-lu-400x225.webp",400,225,true],"gb-block-post-grid-landscape":["https:\/\/www.codemotion.com\/magazine\/wp-content\/uploads\/2024\/12\/DALL\u00b7E-2024-12-17-11.46.18-Una-scena-vivace-e-realistica-di-una-Codemotion-Conference-in-formato-orizzontale.-La-sala-conferenze-e-spaziosa-con-un-grande-palco-illuminato-da-lu-600x400.webp",600,400,true],"gb-block-post-grid-square":["https:\/\/www.codemotion.com\/magazine\/wp-content\/uploads\/2024\/12\/DALL\u00b7E-2024-12-17-11.46.18-Una-scena-vivace-e-realistica-di-una-Codemotion-Conference-in-formato-orizzontale.-La-sala-conferenze-e-spaziosa-con-un-grande-palco-illuminato-da-lu-600x600.webp",600,600,true]},"uagb_author_info":{"display_name":"Sherpa Community","author_link":"https:\/\/www.codemotion.com\/magazine\/author\/sherpa-community\/"},"uagb_comment_info":0,"uagb_excerpt":"Come tutti gli anni, si \u00e8 svolta la conferenza Codemotion a Milano il 22 e il 23 Ottobre 2024, che richiama tantissime persone sia in qualit\u00e0 di speaker che come attendee e Tech Expert. Molti di voi conoscono gi\u00e0 la conferenza annuale di Codemotion, oggi, per\u00f2, vogliamo raccontarvi l\u2019esperienza dei nostri due designer, Claudia Saffioti&#8230;&hellip;","lang":"it","_links":{"self":[{"href":"https:\/\/www.codemotion.com\/magazine\/wp-json\/wp\/v2\/posts\/31175","targetHints":{"allow":["GET"]}}],"collection":[{"href":"https:\/\/www.codemotion.com\/magazine\/wp-json\/wp\/v2\/posts"}],"about":[{"href":"https:\/\/www.codemotion.com\/magazine\/wp-json\/wp\/v2\/types\/post"}],"author":[{"embeddable":true,"href":"https:\/\/www.codemotion.com\/magazine\/wp-json\/wp\/v2\/users\/167"}],"replies":[{"embeddable":true,"href":"https:\/\/www.codemotion.com\/magazine\/wp-json\/wp\/v2\/comments?post=31175"}],"version-history":[{"count":3,"href":"https:\/\/www.codemotion.com\/magazine\/wp-json\/wp\/v2\/posts\/31175\/revisions"}],"predecessor-version":[{"id":31180,"href":"https:\/\/www.codemotion.com\/magazine\/wp-json\/wp\/v2\/posts\/31175\/revisions\/31180"}],"wp:featuredmedia":[{"embeddable":true,"href":"https:\/\/www.codemotion.com\/magazine\/wp-json\/wp\/v2\/media\/31176"}],"wp:attachment":[{"href":"https:\/\/www.codemotion.com\/magazine\/wp-json\/wp\/v2\/media?parent=31175"}],"wp:term":[{"taxonomy":"category","embeddable":true,"href":"https:\/\/www.codemotion.com\/magazine\/wp-json\/wp\/v2\/categories?post=31175"},{"taxonomy":"post_tag","embeddable":true,"href":"https:\/\/www.codemotion.com\/magazine\/wp-json\/wp\/v2\/tags?post=31175"},{"taxonomy":"collections","embeddable":true,"href":"https:\/\/www.codemotion.com\/magazine\/wp-json\/wp\/v2\/collections?post=31175"}],"curies":[{"name":"wp","href":"https:\/\/api.w.org\/{rel}","templated":true}]}}