{"id":34409,"date":"2026-01-19T15:59:05","date_gmt":"2026-01-19T14:59:05","guid":{"rendered":"https:\/\/www.codemotion.com\/magazine\/?p=34409"},"modified":"2026-01-19T16:05:43","modified_gmt":"2026-01-19T15:05:43","slug":"mas-alla-de-big-tech-hacia-una-identidad-digital-publica-europea","status":"publish","type":"post","link":"https:\/\/www.codemotion.com\/magazine\/es\/comunidad\/mas-alla-de-big-tech-hacia-una-identidad-digital-publica-europea\/","title":{"rendered":"M\u00e1s all\u00e1 de Big Tech: hacia una identidad digital p\u00fablica europea"},"content":{"rendered":"\n<p>Hoy, ser ciudadano implica estar conectado. Adem\u00e1s, casi todo lo que hacemos pasa por una pantalla: pedir una cita m\u00e9dica, presentar los impuestos, gestionar ayudas, pagar facturas o apuntarse a clases. Cada tr\u00e1mite exige un registro, una contrase\u00f1a y, muchas veces, una aplicaci\u00f3n.<\/p>\n\n\n\n<p>Sin embargo, \u00bfy si pudi\u00e9ramos hacer todo eso <strong>sin entregar nuestros datos personales a Google, Microsoft o Apple<\/strong>?<\/p>\n\n\n\n<hr class=\"wp-block-separator has-alpha-channel-opacity\"\/>\n\n\n\n<h2 class=\"wp-block-heading\" id=\"h-la-vida-digital-europea-comoda-pero-dependiente\">La vida digital europea: c\u00f3moda, pero dependiente<\/h2>\n\n\n\n<p>La vida en Europa es m\u00e1s digital que nunca. Aun as\u00ed, muchas personas, especialmente mayores o sin formaci\u00f3n tecnol\u00f3gica, se sienten cada vez m\u00e1s excluidas.<\/p>\n\n\n\n<p>No solo est\u00e1n cansadas de recordar contrase\u00f1as. Tambi\u00e9n <strong>son las m\u00e1s vulnerables a fraudes de <em>phishing<\/em>, contrase\u00f1as d\u00e9biles o p\u00e1ginas falsas<\/strong>. Por tanto, cuando hablamos de <strong>soberan\u00eda digital europea<\/strong>, deber\u00edamos empezar aqu\u00ed.<\/p>\n\n\n\n<p>La dependencia tecnol\u00f3gica no solo afecta la privacidad, sino tambi\u00e9n la igualdad de acceso. De hecho, la brecha digital ya separa a quienes dominan las herramientas digitales de quienes no pueden usarlas con seguridad.<\/p>\n\n\n\n<hr class=\"wp-block-separator has-alpha-channel-opacity\"\/>\n\n\n\n<h2 class=\"wp-block-heading\" id=\"h-un-sistema-que-excluye-a-quien-mas-lo-necesita\">Un sistema que excluye a quien m\u00e1s lo necesita<\/h2>\n\n\n\n<p>Piensa en la \u00faltima vez que olvidaste una contrase\u00f1a. Ahora imagina tener 75 a\u00f1os e intentar pedir cita m\u00e9dica sin recordar si la clave ten\u00eda una may\u00fascula o no.<\/p>\n\n\n\n<p>Al final, la mayor\u00eda recurre a soluciones poco seguras:<\/p>\n\n\n\n<ul class=\"wp-block-list\">\n<li>Usar la misma contrase\u00f1a en todas partes.<\/li>\n\n\n\n<li>Anotarlas en un cuaderno.<\/li>\n\n\n\n<li>Dejar que el navegador las guarde y esperar lo mejor.<\/li>\n<\/ul>\n\n\n\n<p>En consecuencia, un solo fallo puede provocar <strong>robo de identidad, fraude bancario o filtraciones de datos personales<\/strong>. Adem\u00e1s, cuantos m\u00e1s servicios usamos, m\u00e1s compartimos informaci\u00f3n sin saberlo.<\/p>\n\n\n\n<p>Por eso, cada nuevo registro <strong>aumenta la posibilidad de que una empresa desconocida recopile y venda nuestros datos<\/strong>. El resultado se nota enseguida: <strong>llamadas sospechosas, spam y anuncios<\/strong> que parecen leer nuestra mente.<\/p>\n\n\n\n<hr class=\"wp-block-separator has-alpha-channel-opacity\"\/>\n\n\n\n<h2 class=\"wp-block-heading\" id=\"h-cuando-la-confusion-se-convierte-en-negocio\">Cuando la confusi\u00f3n se convierte en negocio<\/h2>\n\n\n\n<p>Muchas plataformas ofrecen servicios \u201cgratuitos\u201d, pero su verdadero negocio son nuestros datos. Los recopilan, los procesan y los venden a anunciantes. De esta manera, obtienen beneficios de cada clic o correo que enviamos.<\/p>\n\n\n\n<p>Lo preocupante es que parte de esos ingresos <strong>financia campa\u00f1as de <em>lobby<\/em> contrarias a los valores europeos<\/strong>. Por ejemplo, algunas apoyan la desregulaci\u00f3n, la vigilancia o la reducci\u00f3n de derechos digitales.<\/p>\n\n\n\n<p>Mientras tanto, <strong>los objetivos de la Uni\u00f3n Europea en privacidad y soberan\u00eda digital<\/strong> quedan en segundo plano. En cambio, las herramientas de Big Tech siguen siendo las que millones de europeos usan cada d\u00eda para trabajar, estudiar o comunicarse.<\/p>\n\n\n\n<hr class=\"wp-block-separator has-alpha-channel-opacity\"\/>\n\n\n\n<h2 class=\"wp-block-heading\" id=\"h-lo-que-europa-ya-esta-construyendo\">Lo que Europa ya est\u00e1 construyendo<\/h2>\n\n\n\n<p>Afortunadamente, la Uni\u00f3n Europea no est\u00e1 ignorando este problema. De hecho, varios proyectos ya avanzan para reforzar la soberan\u00eda digital.<\/p>\n\n\n\n<p>Entre ellos est\u00e1n <strong><a href=\"https:\/\/digital-strategy.ec.europa.eu\/en\/policies\/eidas-regulation\">eIDAS 2.0<\/a><\/strong> y la <strong><a href=\"https:\/\/trusted-digital-identity.europa.eu\/index_en\">European Digital Identity Wallet<\/a><\/strong>, que permitir\u00e1n guardar documentos como el DNI o el carn\u00e9 de conducir de forma segura. Ocho pa\u00edses ya est\u00e1n probando la cartera digital y sus resultados iniciales son prometedores.<\/p>\n\n\n\n<p>Tambi\u00e9n destaca <strong><a href=\"https:\/\/gaia-x.eu\/what-is-gaia-x\">Gaia-X<\/a><\/strong>, que busca crear una nube europea y garantizar que los datos se gestionen bajo control local.<\/p>\n\n\n\n<p>Sin embargo, todav\u00eda falta una capa com\u00fan donde la ciudadan\u00eda pueda:<\/p>\n\n\n\n<ul class=\"wp-block-list\">\n<li>Tener un correo p\u00fablico y seguro, <strong>sin depender de proveedores comerciales<\/strong>.<\/li>\n\n\n\n<li>Iniciar sesi\u00f3n en servicios p\u00fablicos o privados con <strong>una identidad universal<\/strong>.<\/li>\n\n\n\n<li>Controlar cu\u00e1ndo y con qui\u00e9n comparte sus datos.<\/li>\n<\/ul>\n\n\n\n<p>Por eso, una <strong>identidad digital p\u00fablica europea<\/strong> es m\u00e1s necesaria que nunca.<\/p>\n\n\n\n<hr class=\"wp-block-separator has-alpha-channel-opacity\"\/>\n\n\n\n<h2 class=\"wp-block-heading\" id=\"h-como-podria-ser-una-identidad-digital-publica\">C\u00f3mo podr\u00eda ser una identidad digital p\u00fablica<\/h2>\n\n\n\n<p>Un sistema digital centrado en las personas podr\u00eda incluir varios componentes.<br>Veamos algunos ejemplos.<\/p>\n\n\n\n<h3 class=\"wp-block-heading\" id=\"h-1-un-correo-electronico-publico-europeo\">1. Un correo electr\u00f3nico p\u00fablico europeo<\/h3>\n\n\n\n<p>Este servicio estar\u00eda cifrado de extremo a extremo y alojado dentro de la UE. Adem\u00e1s, ser\u00eda compatible con protocolos abiertos como IMAP, SMTP o JMAP.<\/p>\n\n\n\n<p>De este modo, las personas podr\u00edan comunicarse sin depender de Big Tech y sin que su informaci\u00f3n se use para publicidad.<\/p>\n\n\n\n<h3 class=\"wp-block-heading\" id=\"h-2-una-identidad-digital-universal\">2. Una identidad digital universal<\/h3>\n\n\n\n<p>Basada en modelos de <strong>identidad autosoberana (SSI)<\/strong>, permitir\u00eda demostrar edad o residencia <strong>sin exponer datos sensibles<\/strong>. Por ejemplo, al pedir una ayuda p\u00fablica, el sistema solo confirmar\u00eda que cumples los requisitos, sin revelar nada m\u00e1s.<\/p>\n\n\n\n<h3 class=\"wp-block-heading\" id=\"h-3-un-panel-de-consentimiento-unificado\">3. Un panel de consentimiento unificado<\/h3>\n\n\n\n<p>Ser\u00eda un espacio \u00fanico para revisar y controlar qu\u00e9 servicios acceden a nuestros datos. Adem\u00e1s, estar\u00eda supervisado por una autoridad europea independiente y seguir\u00eda las normas del <strong>GDPR<\/strong>.<\/p>\n\n\n\n<h3 class=\"wp-block-heading\" id=\"h-4-un-inicio-de-sesion-federado-y-seguro\">4. Un inicio de sesi\u00f3n federado y seguro<\/h3>\n\n\n\n<p>Inspirado en <strong>OpenID Connect<\/strong>, pero gestionado desde Europa. Tambi\u00e9n admitir\u00eda m\u00e9todos modernos como <strong>passkeys, FIDO2 o smartcards<\/strong>.<\/p>\n\n\n\n<h3 class=\"wp-block-heading\" id=\"h-5-apis-abiertas-para-desarrolladores\">5. APIs abiertas para desarrolladores<\/h3>\n\n\n\n<p>Estas APIs facilitar\u00edan que tanto servicios p\u00fablicos como privados integren verificaci\u00f3n segura. As\u00ed, <strong>los datos personales solo se compartir\u00edan cuando sea estrictamente necesario<\/strong>.<\/p>\n\n\n\n<p>En resumen, el sistema permitir\u00eda acceder a servicios p\u00fablicos o privados con una \u00fanica identidad confiable. Sin recordar contrase\u00f1as y sin entregar datos a empresas desconocidas.<\/p>\n\n\n\n<hr class=\"wp-block-separator has-alpha-channel-opacity\"\/>\n\n\n\n<h2 class=\"wp-block-heading\" id=\"h-por-que-importa-ahora\">Por qu\u00e9 importa ahora<\/h2>\n\n\n\n<p>Si no actuamos, <strong>la brecha digital seguir\u00e1 creciendo<\/strong>. Las personas vulnerables quedar\u00e1n fuera, mientras que quienes tienen menos recursos ser\u00e1n las m\u00e1s expuestas a fraudes y p\u00e9rdida de privacidad.<\/p>\n\n\n\n<p>Adem\u00e1s, Europa continuar\u00e1 dependiendo de compa\u00f1\u00edas cuyos intereses <strong>no siempre coinciden con el bien com\u00fan<\/strong>. Por tanto, una identidad digital p\u00fablica europea no es solo una opci\u00f3n, sino una oportunidad para recuperar el control.<\/p>\n\n\n\n<p>No resolver\u00e1 todos los problemas, pero ofrecer\u00e1 <strong>una base m\u00e1s justa y segura para la vida digital<\/strong>. En lugar de un producto comercial, la identidad digital deber\u00eda considerarse <strong>un derecho ciudadano<\/strong>.<\/p>\n\n\n\n<p>Finalmente, ha llegado el momento de construir un sistema digital que empiece desde la confianza, no desde la cesi\u00f3n de datos.<\/p>\n\n\n\n<p><\/p>\n","protected":false},"excerpt":{"rendered":"<p>Europa necesita una identidad digital p\u00fablica que devuelva el control de los datos a la ciudadan\u00eda. Analizamos c\u00f3mo una alternativa soberana y \u00e9tica puede reducir la dependencia de Big Tech, proteger la privacidad y cerrar la brecha digital.<\/p>\n","protected":false},"author":331,"featured_media":35070,"comment_status":"closed","ping_status":"closed","sticky":false,"template":"","format":"standard","meta":{"_editorskit_title_hidden":false,"_editorskit_reading_time":0,"_editorskit_is_block_options_detached":false,"_editorskit_block_options_position":"{}","_uag_custom_page_level_css":"","_genesis_hide_title":false,"_genesis_hide_breadcrumbs":false,"_genesis_hide_singular_image":false,"_genesis_hide_footer_widgets":false,"_genesis_custom_body_class":"","_genesis_custom_post_class":"","_genesis_layout":"","footnotes":""},"categories":[10614,10616],"tags":[10711,13692,13687,13685,13245,13686],"collections":[13673,13676,13679,13682],"class_list":{"0":"post-34409","1":"post","2":"type-post","3":"status-publish","4":"format-standard","5":"has-post-thumbnail","7":"category-ciberseguridad","8":"category-comunidad","9":"tag-ciberseguridad","10":"tag-community-es","11":"tag-digital-identity","12":"tag-eu-tech","13":"tag-privacy-es","14":"tag-sovereignty","15":"collections-digital-identity-es","16":"collections-eu-tech-es","17":"collections-privacy-es","18":"collections-sovereignty-es","19":"entry"},"yoast_head":"<!-- This site is optimized with the Yoast SEO Premium plugin v26.9 (Yoast SEO v26.9) - https:\/\/yoast.com\/product\/yoast-seo-premium-wordpress\/ -->\n<title>M\u00e1s all\u00e1 de Big Tech: hacia una identidad digital p\u00fablica europea - Codemotion Magazine<\/title>\n<meta name=\"description\" content=\"Exploramos c\u00f3mo una identidad digital p\u00fablica y soberana puede reducir la dependencia europea de Big Tech y proteger los datos de la ciudadan\u00eda.\" \/>\n<meta name=\"robots\" content=\"index, follow, max-snippet:-1, max-image-preview:large, max-video-preview:-1\" \/>\n<link rel=\"canonical\" href=\"https:\/\/www.codemotion.com\/magazine\/es\/comunidad\/mas-alla-de-big-tech-hacia-una-identidad-digital-publica-europea\/\" \/>\n<meta property=\"og:locale\" content=\"en_US\" \/>\n<meta property=\"og:type\" content=\"article\" \/>\n<meta property=\"og:title\" content=\"M\u00e1s all\u00e1 de Big Tech: hacia una identidad digital p\u00fablica europea\" \/>\n<meta property=\"og:description\" content=\"Exploramos c\u00f3mo una identidad digital p\u00fablica y soberana puede reducir la dependencia europea de Big Tech y proteger los datos de la ciudadan\u00eda.\" \/>\n<meta property=\"og:url\" content=\"https:\/\/www.codemotion.com\/magazine\/es\/comunidad\/mas-alla-de-big-tech-hacia-una-identidad-digital-publica-europea\/\" \/>\n<meta property=\"og:site_name\" content=\"Codemotion Magazine\" \/>\n<meta property=\"article:publisher\" content=\"https:\/\/www.facebook.com\/Codemotion.Italy\/\" \/>\n<meta property=\"article:published_time\" content=\"2026-01-19T14:59:05+00:00\" \/>\n<meta property=\"article:modified_time\" content=\"2026-01-19T15:05:43+00:00\" \/>\n<meta property=\"og:image\" content=\"https:\/\/www.codemotion.com\/magazine\/wp-content\/uploads\/2026\/01\/seguridad-digital.png\" \/>\n\t<meta property=\"og:image:width\" content=\"1275\" \/>\n\t<meta property=\"og:image:height\" content=\"843\" \/>\n\t<meta property=\"og:image:type\" content=\"image\/png\" \/>\n<meta name=\"author\" content=\"Manu Pedreira\" \/>\n<meta name=\"twitter:card\" content=\"summary_large_image\" \/>\n<meta name=\"twitter:creator\" content=\"@CodemotionIT\" \/>\n<meta name=\"twitter:site\" content=\"@CodemotionIT\" \/>\n<meta name=\"twitter:label1\" content=\"Written by\" \/>\n\t<meta name=\"twitter:data1\" content=\"Manu Pedreira\" \/>\n\t<meta name=\"twitter:label2\" content=\"Est. reading time\" \/>\n\t<meta name=\"twitter:data2\" content=\"5 minutes\" \/>\n<script type=\"application\/ld+json\" class=\"yoast-schema-graph\">{\"@context\":\"https:\/\/schema.org\",\"@graph\":[{\"@type\":\"Article\",\"@id\":\"https:\/\/www.codemotion.com\/magazine\/es\/comunidad\/mas-alla-de-big-tech-hacia-una-identidad-digital-publica-europea\/#article\",\"isPartOf\":{\"@id\":\"https:\/\/www.codemotion.com\/magazine\/es\/comunidad\/mas-alla-de-big-tech-hacia-una-identidad-digital-publica-europea\/\"},\"author\":{\"name\":\"Manu Pedreira\",\"@id\":\"https:\/\/www.codemotion.com\/magazine\/#\/schema\/person\/18b3dd5f2d99e130ecd609cee6840f53\"},\"headline\":\"M\u00e1s all\u00e1 de Big Tech: hacia una identidad digital p\u00fablica europea\",\"datePublished\":\"2026-01-19T14:59:05+00:00\",\"dateModified\":\"2026-01-19T15:05:43+00:00\",\"mainEntityOfPage\":{\"@id\":\"https:\/\/www.codemotion.com\/magazine\/es\/comunidad\/mas-alla-de-big-tech-hacia-una-identidad-digital-publica-europea\/\"},\"wordCount\":986,\"publisher\":{\"@id\":\"https:\/\/www.codemotion.com\/magazine\/#organization\"},\"image\":{\"@id\":\"https:\/\/www.codemotion.com\/magazine\/es\/comunidad\/mas-alla-de-big-tech-hacia-una-identidad-digital-publica-europea\/#primaryimage\"},\"thumbnailUrl\":\"https:\/\/www.codemotion.com\/magazine\/wp-content\/uploads\/2026\/01\/seguridad-digital.png\",\"keywords\":[\"Ciberseguridad\",\"Community\",\"Digital Identity\",\"EU Tech\",\"privacy\",\"Sovereignty\"],\"articleSection\":[\"Ciberseguridad\",\"Comunidad\"],\"inLanguage\":\"en-US\"},{\"@type\":\"WebPage\",\"@id\":\"https:\/\/www.codemotion.com\/magazine\/es\/comunidad\/mas-alla-de-big-tech-hacia-una-identidad-digital-publica-europea\/\",\"url\":\"https:\/\/www.codemotion.com\/magazine\/es\/comunidad\/mas-alla-de-big-tech-hacia-una-identidad-digital-publica-europea\/\",\"name\":\"M\u00e1s all\u00e1 de Big Tech: hacia una identidad digital p\u00fablica europea - Codemotion Magazine\",\"isPartOf\":{\"@id\":\"https:\/\/www.codemotion.com\/magazine\/#website\"},\"primaryImageOfPage\":{\"@id\":\"https:\/\/www.codemotion.com\/magazine\/es\/comunidad\/mas-alla-de-big-tech-hacia-una-identidad-digital-publica-europea\/#primaryimage\"},\"image\":{\"@id\":\"https:\/\/www.codemotion.com\/magazine\/es\/comunidad\/mas-alla-de-big-tech-hacia-una-identidad-digital-publica-europea\/#primaryimage\"},\"thumbnailUrl\":\"https:\/\/www.codemotion.com\/magazine\/wp-content\/uploads\/2026\/01\/seguridad-digital.png\",\"datePublished\":\"2026-01-19T14:59:05+00:00\",\"dateModified\":\"2026-01-19T15:05:43+00:00\",\"description\":\"Exploramos c\u00f3mo una identidad digital p\u00fablica y soberana puede reducir la dependencia europea de Big Tech y proteger los datos de la ciudadan\u00eda.\",\"breadcrumb\":{\"@id\":\"https:\/\/www.codemotion.com\/magazine\/es\/comunidad\/mas-alla-de-big-tech-hacia-una-identidad-digital-publica-europea\/#breadcrumb\"},\"inLanguage\":\"en-US\",\"potentialAction\":[{\"@type\":\"ReadAction\",\"target\":[\"https:\/\/www.codemotion.com\/magazine\/es\/comunidad\/mas-alla-de-big-tech-hacia-una-identidad-digital-publica-europea\/\"]}]},{\"@type\":\"ImageObject\",\"inLanguage\":\"en-US\",\"@id\":\"https:\/\/www.codemotion.com\/magazine\/es\/comunidad\/mas-alla-de-big-tech-hacia-una-identidad-digital-publica-europea\/#primaryimage\",\"url\":\"https:\/\/www.codemotion.com\/magazine\/wp-content\/uploads\/2026\/01\/seguridad-digital.png\",\"contentUrl\":\"https:\/\/www.codemotion.com\/magazine\/wp-content\/uploads\/2026\/01\/seguridad-digital.png\",\"width\":1275,\"height\":843},{\"@type\":\"BreadcrumbList\",\"@id\":\"https:\/\/www.codemotion.com\/magazine\/es\/comunidad\/mas-alla-de-big-tech-hacia-una-identidad-digital-publica-europea\/#breadcrumb\",\"itemListElement\":[{\"@type\":\"ListItem\",\"position\":1,\"name\":\"Home\",\"item\":\"https:\/\/www.codemotion.com\/magazine\/\"},{\"@type\":\"ListItem\",\"position\":2,\"name\":\"Comunidad\",\"item\":\"https:\/\/www.codemotion.com\/magazine\/es\/comunidad\/\"},{\"@type\":\"ListItem\",\"position\":3,\"name\":\"M\u00e1s all\u00e1 de Big Tech: hacia una identidad digital p\u00fablica europea\"}]},{\"@type\":\"WebSite\",\"@id\":\"https:\/\/www.codemotion.com\/magazine\/#website\",\"url\":\"https:\/\/www.codemotion.com\/magazine\/\",\"name\":\"Codemotion Magazine\",\"description\":\"We code the future. Together\",\"publisher\":{\"@id\":\"https:\/\/www.codemotion.com\/magazine\/#organization\"},\"potentialAction\":[{\"@type\":\"SearchAction\",\"target\":{\"@type\":\"EntryPoint\",\"urlTemplate\":\"https:\/\/www.codemotion.com\/magazine\/?s={search_term_string}\"},\"query-input\":{\"@type\":\"PropertyValueSpecification\",\"valueRequired\":true,\"valueName\":\"search_term_string\"}}],\"inLanguage\":\"en-US\"},{\"@type\":\"Organization\",\"@id\":\"https:\/\/www.codemotion.com\/magazine\/#organization\",\"name\":\"Codemotion\",\"url\":\"https:\/\/www.codemotion.com\/magazine\/\",\"logo\":{\"@type\":\"ImageObject\",\"inLanguage\":\"en-US\",\"@id\":\"https:\/\/www.codemotion.com\/magazine\/#\/schema\/logo\/image\/\",\"url\":\"https:\/\/www.codemotion.com\/magazine\/wp-content\/uploads\/2019\/11\/codemotionlogo.png\",\"contentUrl\":\"https:\/\/www.codemotion.com\/magazine\/wp-content\/uploads\/2019\/11\/codemotionlogo.png\",\"width\":225,\"height\":225,\"caption\":\"Codemotion\"},\"image\":{\"@id\":\"https:\/\/www.codemotion.com\/magazine\/#\/schema\/logo\/image\/\"},\"sameAs\":[\"https:\/\/www.facebook.com\/Codemotion.Italy\/\",\"https:\/\/x.com\/CodemotionIT\"]},{\"@type\":\"Person\",\"@id\":\"https:\/\/www.codemotion.com\/magazine\/#\/schema\/person\/18b3dd5f2d99e130ecd609cee6840f53\",\"name\":\"Manu Pedreira\",\"image\":{\"@type\":\"ImageObject\",\"inLanguage\":\"en-US\",\"@id\":\"https:\/\/www.codemotion.com\/magazine\/#\/schema\/person\/image\/\",\"url\":\"https:\/\/www.codemotion.com\/magazine\/wp-content\/uploads\/2025\/10\/perfil_1-100x100.jpeg\",\"contentUrl\":\"https:\/\/www.codemotion.com\/magazine\/wp-content\/uploads\/2025\/10\/perfil_1-100x100.jpeg\",\"caption\":\"Manu Pedreira\"},\"description\":\"Frontend developer passionate about building meaningful, accessible, and user-focused digital experiences. For me, the most important part of any development is focusing on the end user\u2014understanding their needs and delivering real value. I\u2019m interested in how artificial intelligence can be integrated ethically and practically into everyday life, making things easier and giving us more time for what truly matters.\",\"sameAs\":[\"https:\/\/www.instagram.com\/manufromscratch\/\",\"https:\/\/www.linkedin.com\/in\/manupedreira\/\"],\"url\":\"https:\/\/www.codemotion.com\/magazine\/author\/manufromscratch\/\"}]}<\/script>\n<!-- \/ Yoast SEO Premium plugin. -->","yoast_head_json":{"title":"M\u00e1s all\u00e1 de Big Tech: hacia una identidad digital p\u00fablica europea - Codemotion Magazine","description":"Exploramos c\u00f3mo una identidad digital p\u00fablica y soberana puede reducir la dependencia europea de Big Tech y proteger los datos de la ciudadan\u00eda.","robots":{"index":"index","follow":"follow","max-snippet":"max-snippet:-1","max-image-preview":"max-image-preview:large","max-video-preview":"max-video-preview:-1"},"canonical":"https:\/\/www.codemotion.com\/magazine\/es\/comunidad\/mas-alla-de-big-tech-hacia-una-identidad-digital-publica-europea\/","og_locale":"en_US","og_type":"article","og_title":"M\u00e1s all\u00e1 de Big Tech: hacia una identidad digital p\u00fablica europea","og_description":"Exploramos c\u00f3mo una identidad digital p\u00fablica y soberana puede reducir la dependencia europea de Big Tech y proteger los datos de la ciudadan\u00eda.","og_url":"https:\/\/www.codemotion.com\/magazine\/es\/comunidad\/mas-alla-de-big-tech-hacia-una-identidad-digital-publica-europea\/","og_site_name":"Codemotion Magazine","article_publisher":"https:\/\/www.facebook.com\/Codemotion.Italy\/","article_published_time":"2026-01-19T14:59:05+00:00","article_modified_time":"2026-01-19T15:05:43+00:00","og_image":[{"width":1275,"height":843,"url":"https:\/\/www.codemotion.com\/magazine\/wp-content\/uploads\/2026\/01\/seguridad-digital.png","type":"image\/png"}],"author":"Manu Pedreira","twitter_card":"summary_large_image","twitter_creator":"@CodemotionIT","twitter_site":"@CodemotionIT","twitter_misc":{"Written by":"Manu Pedreira","Est. reading time":"5 minutes"},"schema":{"@context":"https:\/\/schema.org","@graph":[{"@type":"Article","@id":"https:\/\/www.codemotion.com\/magazine\/es\/comunidad\/mas-alla-de-big-tech-hacia-una-identidad-digital-publica-europea\/#article","isPartOf":{"@id":"https:\/\/www.codemotion.com\/magazine\/es\/comunidad\/mas-alla-de-big-tech-hacia-una-identidad-digital-publica-europea\/"},"author":{"name":"Manu Pedreira","@id":"https:\/\/www.codemotion.com\/magazine\/#\/schema\/person\/18b3dd5f2d99e130ecd609cee6840f53"},"headline":"M\u00e1s all\u00e1 de Big Tech: hacia una identidad digital p\u00fablica europea","datePublished":"2026-01-19T14:59:05+00:00","dateModified":"2026-01-19T15:05:43+00:00","mainEntityOfPage":{"@id":"https:\/\/www.codemotion.com\/magazine\/es\/comunidad\/mas-alla-de-big-tech-hacia-una-identidad-digital-publica-europea\/"},"wordCount":986,"publisher":{"@id":"https:\/\/www.codemotion.com\/magazine\/#organization"},"image":{"@id":"https:\/\/www.codemotion.com\/magazine\/es\/comunidad\/mas-alla-de-big-tech-hacia-una-identidad-digital-publica-europea\/#primaryimage"},"thumbnailUrl":"https:\/\/www.codemotion.com\/magazine\/wp-content\/uploads\/2026\/01\/seguridad-digital.png","keywords":["Ciberseguridad","Community","Digital Identity","EU Tech","privacy","Sovereignty"],"articleSection":["Ciberseguridad","Comunidad"],"inLanguage":"en-US"},{"@type":"WebPage","@id":"https:\/\/www.codemotion.com\/magazine\/es\/comunidad\/mas-alla-de-big-tech-hacia-una-identidad-digital-publica-europea\/","url":"https:\/\/www.codemotion.com\/magazine\/es\/comunidad\/mas-alla-de-big-tech-hacia-una-identidad-digital-publica-europea\/","name":"M\u00e1s all\u00e1 de Big Tech: hacia una identidad digital p\u00fablica europea - Codemotion Magazine","isPartOf":{"@id":"https:\/\/www.codemotion.com\/magazine\/#website"},"primaryImageOfPage":{"@id":"https:\/\/www.codemotion.com\/magazine\/es\/comunidad\/mas-alla-de-big-tech-hacia-una-identidad-digital-publica-europea\/#primaryimage"},"image":{"@id":"https:\/\/www.codemotion.com\/magazine\/es\/comunidad\/mas-alla-de-big-tech-hacia-una-identidad-digital-publica-europea\/#primaryimage"},"thumbnailUrl":"https:\/\/www.codemotion.com\/magazine\/wp-content\/uploads\/2026\/01\/seguridad-digital.png","datePublished":"2026-01-19T14:59:05+00:00","dateModified":"2026-01-19T15:05:43+00:00","description":"Exploramos c\u00f3mo una identidad digital p\u00fablica y soberana puede reducir la dependencia europea de Big Tech y proteger los datos de la ciudadan\u00eda.","breadcrumb":{"@id":"https:\/\/www.codemotion.com\/magazine\/es\/comunidad\/mas-alla-de-big-tech-hacia-una-identidad-digital-publica-europea\/#breadcrumb"},"inLanguage":"en-US","potentialAction":[{"@type":"ReadAction","target":["https:\/\/www.codemotion.com\/magazine\/es\/comunidad\/mas-alla-de-big-tech-hacia-una-identidad-digital-publica-europea\/"]}]},{"@type":"ImageObject","inLanguage":"en-US","@id":"https:\/\/www.codemotion.com\/magazine\/es\/comunidad\/mas-alla-de-big-tech-hacia-una-identidad-digital-publica-europea\/#primaryimage","url":"https:\/\/www.codemotion.com\/magazine\/wp-content\/uploads\/2026\/01\/seguridad-digital.png","contentUrl":"https:\/\/www.codemotion.com\/magazine\/wp-content\/uploads\/2026\/01\/seguridad-digital.png","width":1275,"height":843},{"@type":"BreadcrumbList","@id":"https:\/\/www.codemotion.com\/magazine\/es\/comunidad\/mas-alla-de-big-tech-hacia-una-identidad-digital-publica-europea\/#breadcrumb","itemListElement":[{"@type":"ListItem","position":1,"name":"Home","item":"https:\/\/www.codemotion.com\/magazine\/"},{"@type":"ListItem","position":2,"name":"Comunidad","item":"https:\/\/www.codemotion.com\/magazine\/es\/comunidad\/"},{"@type":"ListItem","position":3,"name":"M\u00e1s all\u00e1 de Big Tech: hacia una identidad digital p\u00fablica europea"}]},{"@type":"WebSite","@id":"https:\/\/www.codemotion.com\/magazine\/#website","url":"https:\/\/www.codemotion.com\/magazine\/","name":"Codemotion Magazine","description":"We code the future. Together","publisher":{"@id":"https:\/\/www.codemotion.com\/magazine\/#organization"},"potentialAction":[{"@type":"SearchAction","target":{"@type":"EntryPoint","urlTemplate":"https:\/\/www.codemotion.com\/magazine\/?s={search_term_string}"},"query-input":{"@type":"PropertyValueSpecification","valueRequired":true,"valueName":"search_term_string"}}],"inLanguage":"en-US"},{"@type":"Organization","@id":"https:\/\/www.codemotion.com\/magazine\/#organization","name":"Codemotion","url":"https:\/\/www.codemotion.com\/magazine\/","logo":{"@type":"ImageObject","inLanguage":"en-US","@id":"https:\/\/www.codemotion.com\/magazine\/#\/schema\/logo\/image\/","url":"https:\/\/www.codemotion.com\/magazine\/wp-content\/uploads\/2019\/11\/codemotionlogo.png","contentUrl":"https:\/\/www.codemotion.com\/magazine\/wp-content\/uploads\/2019\/11\/codemotionlogo.png","width":225,"height":225,"caption":"Codemotion"},"image":{"@id":"https:\/\/www.codemotion.com\/magazine\/#\/schema\/logo\/image\/"},"sameAs":["https:\/\/www.facebook.com\/Codemotion.Italy\/","https:\/\/x.com\/CodemotionIT"]},{"@type":"Person","@id":"https:\/\/www.codemotion.com\/magazine\/#\/schema\/person\/18b3dd5f2d99e130ecd609cee6840f53","name":"Manu Pedreira","image":{"@type":"ImageObject","inLanguage":"en-US","@id":"https:\/\/www.codemotion.com\/magazine\/#\/schema\/person\/image\/","url":"https:\/\/www.codemotion.com\/magazine\/wp-content\/uploads\/2025\/10\/perfil_1-100x100.jpeg","contentUrl":"https:\/\/www.codemotion.com\/magazine\/wp-content\/uploads\/2025\/10\/perfil_1-100x100.jpeg","caption":"Manu Pedreira"},"description":"Frontend developer passionate about building meaningful, accessible, and user-focused digital experiences. For me, the most important part of any development is focusing on the end user\u2014understanding their needs and delivering real value. I\u2019m interested in how artificial intelligence can be integrated ethically and practically into everyday life, making things easier and giving us more time for what truly matters.","sameAs":["https:\/\/www.instagram.com\/manufromscratch\/","https:\/\/www.linkedin.com\/in\/manupedreira\/"],"url":"https:\/\/www.codemotion.com\/magazine\/author\/manufromscratch\/"}]}},"featured_image_src":"https:\/\/www.codemotion.com\/magazine\/wp-content\/uploads\/2026\/01\/seguridad-digital-600x400.png","featured_image_src_square":"https:\/\/www.codemotion.com\/magazine\/wp-content\/uploads\/2026\/01\/seguridad-digital-600x600.png","author_info":{"display_name":"Manu Pedreira","author_link":"https:\/\/www.codemotion.com\/magazine\/author\/manufromscratch\/"},"uagb_featured_image_src":{"full":["https:\/\/www.codemotion.com\/magazine\/wp-content\/uploads\/2026\/01\/seguridad-digital.png",1275,843,false],"thumbnail":["https:\/\/www.codemotion.com\/magazine\/wp-content\/uploads\/2026\/01\/seguridad-digital-150x150.png",150,150,true],"medium":["https:\/\/www.codemotion.com\/magazine\/wp-content\/uploads\/2026\/01\/seguridad-digital-300x198.png",300,198,true],"medium_large":["https:\/\/www.codemotion.com\/magazine\/wp-content\/uploads\/2026\/01\/seguridad-digital-768x508.png",768,508,true],"large":["https:\/\/www.codemotion.com\/magazine\/wp-content\/uploads\/2026\/01\/seguridad-digital-1024x677.png",1024,677,true],"1536x1536":["https:\/\/www.codemotion.com\/magazine\/wp-content\/uploads\/2026\/01\/seguridad-digital.png",1275,843,false],"2048x2048":["https:\/\/www.codemotion.com\/magazine\/wp-content\/uploads\/2026\/01\/seguridad-digital.png",1275,843,false],"small-home-featured":["https:\/\/www.codemotion.com\/magazine\/wp-content\/uploads\/2026\/01\/seguridad-digital-100x100.png",100,100,true],"sidebar-featured":["https:\/\/www.codemotion.com\/magazine\/wp-content\/uploads\/2026\/01\/seguridad-digital-180x128.png",180,128,true],"genesis-singular-images":["https:\/\/www.codemotion.com\/magazine\/wp-content\/uploads\/2026\/01\/seguridad-digital-896x504.png",896,504,true],"archive-featured":["https:\/\/www.codemotion.com\/magazine\/wp-content\/uploads\/2026\/01\/seguridad-digital-400x225.png",400,225,true],"gb-block-post-grid-landscape":["https:\/\/www.codemotion.com\/magazine\/wp-content\/uploads\/2026\/01\/seguridad-digital-600x400.png",600,400,true],"gb-block-post-grid-square":["https:\/\/www.codemotion.com\/magazine\/wp-content\/uploads\/2026\/01\/seguridad-digital-600x600.png",600,600,true]},"uagb_author_info":{"display_name":"Manu Pedreira","author_link":"https:\/\/www.codemotion.com\/magazine\/author\/manufromscratch\/"},"uagb_comment_info":0,"uagb_excerpt":"Europa necesita una identidad digital p\u00fablica que devuelva el control de los datos a la ciudadan\u00eda. Analizamos c\u00f3mo una alternativa soberana y \u00e9tica puede reducir la dependencia de Big Tech, proteger la privacidad y cerrar la brecha digital.","lang":"es","_links":{"self":[{"href":"https:\/\/www.codemotion.com\/magazine\/wp-json\/wp\/v2\/posts\/34409","targetHints":{"allow":["GET"]}}],"collection":[{"href":"https:\/\/www.codemotion.com\/magazine\/wp-json\/wp\/v2\/posts"}],"about":[{"href":"https:\/\/www.codemotion.com\/magazine\/wp-json\/wp\/v2\/types\/post"}],"author":[{"embeddable":true,"href":"https:\/\/www.codemotion.com\/magazine\/wp-json\/wp\/v2\/users\/331"}],"replies":[{"embeddable":true,"href":"https:\/\/www.codemotion.com\/magazine\/wp-json\/wp\/v2\/comments?post=34409"}],"version-history":[{"count":3,"href":"https:\/\/www.codemotion.com\/magazine\/wp-json\/wp\/v2\/posts\/34409\/revisions"}],"predecessor-version":[{"id":35071,"href":"https:\/\/www.codemotion.com\/magazine\/wp-json\/wp\/v2\/posts\/34409\/revisions\/35071"}],"wp:featuredmedia":[{"embeddable":true,"href":"https:\/\/www.codemotion.com\/magazine\/wp-json\/wp\/v2\/media\/35070"}],"wp:attachment":[{"href":"https:\/\/www.codemotion.com\/magazine\/wp-json\/wp\/v2\/media?parent=34409"}],"wp:term":[{"taxonomy":"category","embeddable":true,"href":"https:\/\/www.codemotion.com\/magazine\/wp-json\/wp\/v2\/categories?post=34409"},{"taxonomy":"post_tag","embeddable":true,"href":"https:\/\/www.codemotion.com\/magazine\/wp-json\/wp\/v2\/tags?post=34409"},{"taxonomy":"collections","embeddable":true,"href":"https:\/\/www.codemotion.com\/magazine\/wp-json\/wp\/v2\/collections?post=34409"}],"curies":[{"name":"wp","href":"https:\/\/api.w.org\/{rel}","templated":true}]}}